{"id":63304,"date":"2024-11-04T14:01:57","date_gmt":"2024-11-04T13:01:57","guid":{"rendered":"https:\/\/www.metaltex.com\/dana-on-valencian-branch\/"},"modified":"2024-11-04T14:17:07","modified_gmt":"2024-11-04T13:17:07","slug":"dana-on-valencian-branch","status":"publish","type":"post","link":"https:\/\/www.metaltex.com\/fr\/dana-on-valencian-branch\/","title":{"rendered":"Communiqu\u00e9 sur l&rsquo;impact de DANA dans notre si\u00e8ge valencien"},"content":{"rendered":"<p><div class=\"fusion-fullwidth fullwidth-box fusion-builder-row-1 fusion-flex-container has-pattern-background has-mask-background nonhundred-percent-fullwidth non-hundred-percent-height-scrolling fusion-no-small-visibility fusion-no-medium-visibility\" style=\"--awb-border-radius-top-left:0px;--awb-border-radius-top-right:0px;--awb-border-radius-bottom-right:0px;--awb-border-radius-bottom-left:0px;--awb-padding-bottom:0px;--awb-flex-wrap:wrap;\" ><div class=\"fusion-builder-row fusion-row fusion-flex-align-items-flex-start fusion-flex-content-wrap\" style=\"max-width:1352px;margin-left: calc(-4% \/ 2 );margin-right: calc(-4% \/ 2 );\"><div class=\"fusion-layout-column fusion_builder_column fusion-builder-column-0 fusion_builder_column_1_2 1_2 fusion-flex-column fusion-flex-align-self-stretch\" style=\"--awb-padding-bottom:0%;--awb-bg-size:cover;--awb-width-large:50%;--awb-margin-top-large:0px;--awb-spacing-right-large:3.84%;--awb-margin-bottom-large:0px;--awb-spacing-left-large:3.84%;--awb-width-medium:100%;--awb-order-medium:0;--awb-spacing-right-medium:1.92%;--awb-spacing-left-medium:1.92%;--awb-width-small:100%;--awb-order-small:0;--awb-spacing-right-small:1.92%;--awb-spacing-left-small:1.92%;\" data-scroll-devices=\"small-visibility,medium-visibility,large-visibility\"><div class=\"fusion-column-wrapper fusion-column-has-shadow fusion-flex-justify-content-flex-start fusion-content-layout-column\"><div class=\"fusion-image-element \" style=\"--awb-margin-top:0px;--awb-caption-title-font-family:var(--h2_typography-font-family);--awb-caption-title-font-weight:var(--h2_typography-font-weight);--awb-caption-title-font-style:var(--h2_typography-font-style);--awb-caption-title-size:var(--h2_typography-font-size);--awb-caption-title-transform:var(--h2_typography-text-transform);--awb-caption-title-line-height:var(--h2_typography-line-height);--awb-caption-title-letter-spacing:var(--h2_typography-letter-spacing);\"><span class=\" fusion-imageframe imageframe-none imageframe-1 hover-type-none\"><a href=\"https:\/\/www.metaltex.com\/wp-content\/uploads\/Metaltex_Iberia_Warehouse-Flood.jpg\" class=\"fusion-lightbox\" data-rel=\"iLightbox[15da6728f1e86d46cd3]\" data-title=\"Metaltex_Iberia_Warehouse-Flood\" title=\"Metaltex_Iberia_Warehouse-Flood\"><img decoding=\"async\" width=\"1200\" height=\"900\" src=\"https:\/\/www.metaltex.com\/wp-content\/uploads\/Metaltex_Iberia_Warehouse-Flood.jpg\" alt class=\"img-responsive wp-image-63270\" srcset=\"https:\/\/www.metaltex.com\/wp-content\/uploads\/Metaltex_Iberia_Warehouse-Flood-200x150.jpg 200w, https:\/\/www.metaltex.com\/wp-content\/uploads\/Metaltex_Iberia_Warehouse-Flood-400x300.jpg 400w, https:\/\/www.metaltex.com\/wp-content\/uploads\/Metaltex_Iberia_Warehouse-Flood-600x450.jpg 600w, https:\/\/www.metaltex.com\/wp-content\/uploads\/Metaltex_Iberia_Warehouse-Flood-800x600.jpg 800w, https:\/\/www.metaltex.com\/wp-content\/uploads\/Metaltex_Iberia_Warehouse-Flood.jpg 1200w\" sizes=\"(max-width: 1024px) 100vw, (max-width: 640px) 100vw, 800px\" \/><\/a><\/span><\/div><div class=\"fusion-image-element \" style=\"--awb-margin-top:20px;--awb-caption-title-font-family:var(--h2_typography-font-family);--awb-caption-title-font-weight:var(--h2_typography-font-weight);--awb-caption-title-font-style:var(--h2_typography-font-style);--awb-caption-title-size:var(--h2_typography-font-size);--awb-caption-title-transform:var(--h2_typography-text-transform);--awb-caption-title-line-height:var(--h2_typography-line-height);--awb-caption-title-letter-spacing:var(--h2_typography-letter-spacing);\"><span class=\" fusion-imageframe imageframe-none imageframe-2 hover-type-none\"><a href=\"https:\/\/www.metaltex.com\/wp-content\/uploads\/Metaltex_Iberia_colleagues.jpg\" class=\"fusion-lightbox\" data-rel=\"iLightbox[f16f97afb489121d02c]\" data-title=\"Metaltex_Iberia_colleagues\" title=\"Metaltex_Iberia_colleagues\"><img decoding=\"async\" width=\"1200\" height=\"900\" src=\"https:\/\/www.metaltex.com\/wp-content\/uploads\/Metaltex_Iberia_colleagues.jpg\" alt class=\"img-responsive wp-image-63264\" srcset=\"https:\/\/www.metaltex.com\/wp-content\/uploads\/Metaltex_Iberia_colleagues-200x150.jpg 200w, https:\/\/www.metaltex.com\/wp-content\/uploads\/Metaltex_Iberia_colleagues-400x300.jpg 400w, https:\/\/www.metaltex.com\/wp-content\/uploads\/Metaltex_Iberia_colleagues-600x450.jpg 600w, https:\/\/www.metaltex.com\/wp-content\/uploads\/Metaltex_Iberia_colleagues-800x600.jpg 800w, https:\/\/www.metaltex.com\/wp-content\/uploads\/Metaltex_Iberia_colleagues.jpg 1200w\" sizes=\"(max-width: 1024px) 100vw, (max-width: 640px) 100vw, 800px\" \/><\/a><\/span><\/div><div class=\"fusion-separator fusion-no-large-visibility fusion-full-width-sep\" style=\"align-self: center;margin-left: auto;margin-right: auto;margin-top:40px;width:100%;\"><\/div><\/div><\/div><div class=\"fusion-layout-column fusion_builder_column fusion-builder-column-1 fusion_builder_column_1_2 1_2 fusion-flex-column\" style=\"--awb-bg-size:cover;--awb-width-large:50%;--awb-margin-top-large:0px;--awb-spacing-right-large:3.84%;--awb-margin-bottom-large:0px;--awb-spacing-left-large:3.84%;--awb-width-medium:100%;--awb-order-medium:0;--awb-spacing-right-medium:1.92%;--awb-spacing-left-medium:1.92%;--awb-width-small:100%;--awb-order-small:0;--awb-spacing-right-small:1.92%;--awb-spacing-left-small:1.92%;\"><div class=\"fusion-column-wrapper fusion-column-has-shadow fusion-flex-justify-content-flex-start fusion-content-layout-column\"><div class=\"fusion-text fusion-text-1\" style=\"--awb-text-transform:none;\"><p>Le mardi 29 octobre 2024, la Communaut\u00e9 valencienne a \u00e9t\u00e9 frapp\u00e9e par le ph\u00e9nom\u00e8ne m\u00e9t\u00e9orologique DANA, qui a provoqu\u00e9 de fortes pluies et des d\u00e9bordements de rivi\u00e8res et d&rsquo;affluents dans plus de 60 municipalit\u00e9s, affectant une population de 850 000 personnes et laissant un bilan tragique de plus de 200 pertes humaines et des centaines de disparus.<\/p>\n<p>Notre si\u00e8ge en Espagne, <strong>Metaltex Iberia<\/strong>, situ\u00e9 \u00e0 Riba-Roja de T\u00faria, l&rsquo;une des municipalit\u00e9s touch\u00e9es, a \u00e9galement subi les cons\u00e9quences du d\u00e9bordement de la Rambla del Poyo et du Barranco del Pozalet, s&rsquo;inondant avec au moins un m\u00e8tre et trente centim\u00e8tres d&rsquo;eau vers 18h30. Heureusement, il n&rsquo;y a eu aucun bless\u00e9 parmi nos coll\u00e8gues, bien que les dommages mat\u00e9riels aient \u00e9t\u00e9 significatifs.<\/p>\n<p>Ce week-end, soixante personnes, parmi nos coll\u00e8gues espagnols et des b\u00e9n\u00e9voles, se sont r\u00e9unies lors d&rsquo;un acte de solidarit\u00e9 pour commencer le nettoyage de nos installations. Ensemble, nous sommes d\u00e9termin\u00e9s \u00e0 surmonter ce d\u00e9fi et \u00e0 contribuer \u00e0 la r\u00e9cup\u00e9ration de notre si\u00e8ge le plus rapidement possible.<br \/>\n <strong><br \/>\nMetaltex remercie pour votre grand engagement et votre soutien inestimable en ces temps difficiles.<\/strong><\/p>\n<\/div><\/div><\/div><\/div><\/div><div class=\"fusion-fullwidth fullwidth-box fusion-builder-row-2 fusion-flex-container has-pattern-background has-mask-background nonhundred-percent-fullwidth non-hundred-percent-height-scrolling fusion-no-large-visibility\" style=\"--awb-border-radius-top-left:0px;--awb-border-radius-top-right:0px;--awb-border-radius-bottom-right:0px;--awb-border-radius-bottom-left:0px;--awb-padding-bottom:0px;--awb-flex-wrap:wrap;\" ><div class=\"fusion-builder-row fusion-row fusion-flex-align-items-flex-start fusion-flex-content-wrap\" style=\"max-width:1352px;margin-left: calc(-4% \/ 2 );margin-right: calc(-4% \/ 2 );\"><div class=\"fusion-layout-column fusion_builder_column fusion-builder-column-2 fusion_builder_column_1_2 1_2 fusion-flex-column fusion-flex-align-self-stretch\" style=\"--awb-padding-bottom:0%;--awb-bg-size:cover;--awb-width-large:50%;--awb-margin-top-large:0px;--awb-spacing-right-large:3.84%;--awb-margin-bottom-large:0px;--awb-spacing-left-large:3.84%;--awb-width-medium:100%;--awb-order-medium:0;--awb-spacing-right-medium:1.92%;--awb-spacing-left-medium:1.92%;--awb-width-small:100%;--awb-order-small:0;--awb-spacing-right-small:1.92%;--awb-spacing-left-small:1.92%;\" data-scroll-devices=\"small-visibility,medium-visibility,large-visibility\"><div class=\"fusion-column-wrapper fusion-column-has-shadow fusion-flex-justify-content-flex-start fusion-content-layout-column\"><div class=\"fusion-image-element \" style=\"--awb-margin-top:0px;--awb-caption-title-font-family:var(--h2_typography-font-family);--awb-caption-title-font-weight:var(--h2_typography-font-weight);--awb-caption-title-font-style:var(--h2_typography-font-style);--awb-caption-title-size:var(--h2_typography-font-size);--awb-caption-title-transform:var(--h2_typography-text-transform);--awb-caption-title-line-height:var(--h2_typography-line-height);--awb-caption-title-letter-spacing:var(--h2_typography-letter-spacing);\"><span class=\" fusion-imageframe imageframe-none imageframe-3 hover-type-none\"><a href=\"https:\/\/www.metaltex.com\/wp-content\/uploads\/Metaltex_Iberia_Warehouse-Flood.jpg\" class=\"fusion-lightbox\" data-rel=\"iLightbox[15da6728f1e86d46cd3]\" data-title=\"Metaltex_Iberia_Warehouse-Flood\" title=\"Metaltex_Iberia_Warehouse-Flood\"><img decoding=\"async\" width=\"1200\" height=\"900\" src=\"https:\/\/www.metaltex.com\/wp-content\/uploads\/Metaltex_Iberia_Warehouse-Flood.jpg\" alt class=\"img-responsive wp-image-63270\" srcset=\"https:\/\/www.metaltex.com\/wp-content\/uploads\/Metaltex_Iberia_Warehouse-Flood-200x150.jpg 200w, https:\/\/www.metaltex.com\/wp-content\/uploads\/Metaltex_Iberia_Warehouse-Flood-400x300.jpg 400w, https:\/\/www.metaltex.com\/wp-content\/uploads\/Metaltex_Iberia_Warehouse-Flood-600x450.jpg 600w, https:\/\/www.metaltex.com\/wp-content\/uploads\/Metaltex_Iberia_Warehouse-Flood-800x600.jpg 800w, https:\/\/www.metaltex.com\/wp-content\/uploads\/Metaltex_Iberia_Warehouse-Flood.jpg 1200w\" sizes=\"(max-width: 1024px) 100vw, (max-width: 640px) 100vw, 800px\" \/><\/a><\/span><\/div><div class=\"fusion-image-element \" style=\"--awb-margin-top:0px;--awb-caption-title-font-family:var(--h2_typography-font-family);--awb-caption-title-font-weight:var(--h2_typography-font-weight);--awb-caption-title-font-style:var(--h2_typography-font-style);--awb-caption-title-size:var(--h2_typography-font-size);--awb-caption-title-transform:var(--h2_typography-text-transform);--awb-caption-title-line-height:var(--h2_typography-line-height);--awb-caption-title-letter-spacing:var(--h2_typography-letter-spacing);\"><span class=\" fusion-imageframe imageframe-none imageframe-4 hover-type-none\"><a href=\"https:\/\/www.metaltex.com\/wp-content\/uploads\/Metaltex_Iberia_colleagues.jpg\" class=\"fusion-lightbox\" data-rel=\"iLightbox[f16f97afb489121d02c]\" data-title=\"Metaltex_Iberia_colleagues\" title=\"Metaltex_Iberia_colleagues\"><img decoding=\"async\" width=\"1200\" height=\"900\" src=\"https:\/\/www.metaltex.com\/wp-content\/uploads\/Metaltex_Iberia_colleagues.jpg\" alt class=\"img-responsive wp-image-63264\" srcset=\"https:\/\/www.metaltex.com\/wp-content\/uploads\/Metaltex_Iberia_colleagues-200x150.jpg 200w, https:\/\/www.metaltex.com\/wp-content\/uploads\/Metaltex_Iberia_colleagues-400x300.jpg 400w, https:\/\/www.metaltex.com\/wp-content\/uploads\/Metaltex_Iberia_colleagues-600x450.jpg 600w, https:\/\/www.metaltex.com\/wp-content\/uploads\/Metaltex_Iberia_colleagues-800x600.jpg 800w, https:\/\/www.metaltex.com\/wp-content\/uploads\/Metaltex_Iberia_colleagues.jpg 1200w\" sizes=\"(max-width: 1024px) 100vw, (max-width: 640px) 100vw, 800px\" \/><\/a><\/span><\/div><div class=\"fusion-separator fusion-no-large-visibility fusion-full-width-sep\" style=\"align-self: center;margin-left: auto;margin-right: auto;margin-top:40px;width:100%;\"><\/div><\/div><\/div><div class=\"fusion-layout-column fusion_builder_column fusion-builder-column-3 fusion_builder_column_1_2 1_2 fusion-flex-column\" style=\"--awb-bg-size:cover;--awb-width-large:50%;--awb-margin-top-large:0px;--awb-spacing-right-large:3.84%;--awb-margin-bottom-large:0px;--awb-spacing-left-large:3.84%;--awb-width-medium:100%;--awb-order-medium:0;--awb-spacing-right-medium:1.92%;--awb-spacing-left-medium:1.92%;--awb-width-small:100%;--awb-order-small:0;--awb-spacing-right-small:1.92%;--awb-spacing-left-small:1.92%;\"><div class=\"fusion-column-wrapper fusion-column-has-shadow fusion-flex-justify-content-flex-start fusion-content-layout-column\"><div class=\"fusion-text fusion-text-2\" style=\"--awb-text-transform:none;\"><p>Le mardi 29 octobre 2024, la Communaut\u00e9 valencienne a \u00e9t\u00e9 frapp\u00e9e par le ph\u00e9nom\u00e8ne m\u00e9t\u00e9orologique DANA, qui a provoqu\u00e9 de fortes pluies et des d\u00e9bordements de rivi\u00e8res et d&rsquo;affluents dans plus de 60 municipalit\u00e9s, affectant une population de 850 000 personnes et laissant un bilan tragique de plus de 200 pertes humaines et des centaines de disparus.<\/p>\n<p>Notre si\u00e8ge en Espagne, <strong>Metaltex Iberia<\/strong>, situ\u00e9 \u00e0 Riba-Roja de T\u00faria, l&rsquo;une des municipalit\u00e9s touch\u00e9es, a \u00e9galement subi les cons\u00e9quences du d\u00e9bordement de la Rambla del Poyo et du Barranco del Pozalet, s&rsquo;inondant avec au moins un m\u00e8tre et trente centim\u00e8tres d&rsquo;eau vers 18h30. Heureusement, il n&rsquo;y a eu aucun bless\u00e9 parmi nos coll\u00e8gues, bien que les dommages mat\u00e9riels aient \u00e9t\u00e9 significatifs.<\/p>\n<p>Ce week-end, soixante personnes, parmi nos coll\u00e8gues espagnols et des b\u00e9n\u00e9voles, se sont r\u00e9unies lors d&rsquo;un acte de solidarit\u00e9 pour commencer le nettoyage de nos installations. Ensemble, nous sommes d\u00e9termin\u00e9s \u00e0 surmonter ce d\u00e9fi et \u00e0 contribuer \u00e0 la r\u00e9cup\u00e9ration de notre si\u00e8ge le plus rapidement possible.<br \/>\n <strong><br \/>\nMetaltex remercie pour votre grand engagement et votre soutien inestimable en ces temps difficiles.<\/strong><\/p>\n<\/div><\/div><\/div><\/div><\/div><\/p>\n","protected":false},"excerpt":{"rendered":"<p>Le mardi 29 octobre 2024, la Communaut\u00e9 valencienne a \u00e9t\u00e9 frapp\u00e9e par le ph\u00e9nom\u00e8ne m\u00e9t\u00e9orologique DANA, qui a provoqu\u00e9 de fortes pluies et des d\u00e9bordements de rivi\u00e8res et d&rsquo;affluents dans plus de 60 municipalit\u00e9s&#8230;<\/p>\n","protected":false},"author":4,"featured_media":63276,"comment_status":"closed","ping_status":"closed","sticky":false,"template":"","format":"standard","meta":{"footnotes":""},"categories":[3649,221,712],"tags":[447,2673,828,449,829],"class_list":["post-63304","post","type-post","status-publish","format-standard","has-post-thumbnail","hentry","category-2024-fr","category-posts-fr","category-spain-fr","tag-damages-fr","tag-flood-fr-2","tag-metaltex-iberia-fr-2","tag-storm-fr","tag-valencia-fr"],"_links":{"self":[{"href":"https:\/\/www.metaltex.com\/fr\/wp-json\/wp\/v2\/posts\/63304","targetHints":{"allow":["GET"]}}],"collection":[{"href":"https:\/\/www.metaltex.com\/fr\/wp-json\/wp\/v2\/posts"}],"about":[{"href":"https:\/\/www.metaltex.com\/fr\/wp-json\/wp\/v2\/types\/post"}],"author":[{"embeddable":true,"href":"https:\/\/www.metaltex.com\/fr\/wp-json\/wp\/v2\/users\/4"}],"replies":[{"embeddable":true,"href":"https:\/\/www.metaltex.com\/fr\/wp-json\/wp\/v2\/comments?post=63304"}],"version-history":[{"count":4,"href":"https:\/\/www.metaltex.com\/fr\/wp-json\/wp\/v2\/posts\/63304\/revisions"}],"predecessor-version":[{"id":63308,"href":"https:\/\/www.metaltex.com\/fr\/wp-json\/wp\/v2\/posts\/63304\/revisions\/63308"}],"wp:featuredmedia":[{"embeddable":true,"href":"https:\/\/www.metaltex.com\/fr\/wp-json\/wp\/v2\/media\/63276"}],"wp:attachment":[{"href":"https:\/\/www.metaltex.com\/fr\/wp-json\/wp\/v2\/media?parent=63304"}],"wp:term":[{"taxonomy":"category","embeddable":true,"href":"https:\/\/www.metaltex.com\/fr\/wp-json\/wp\/v2\/categories?post=63304"},{"taxonomy":"post_tag","embeddable":true,"href":"https:\/\/www.metaltex.com\/fr\/wp-json\/wp\/v2\/tags?post=63304"}],"curies":[{"name":"wp","href":"https:\/\/api.w.org\/{rel}","templated":true}]}}