{"id":59587,"date":"2023-11-28T12:01:31","date_gmt":"2023-11-28T11:01:31","guid":{"rendered":"https:\/\/www.metaltex.com\/belgium-rally-championship\/"},"modified":"2023-11-29T08:43:24","modified_gmt":"2023-11-29T07:43:24","slug":"championnat-de-belgique-des-rallyes","status":"publish","type":"post","link":"https:\/\/www.metaltex.com\/fr\/championnat-de-belgique-des-rallyes\/","title":{"rendered":"Championnat de Belgique des rallyes"},"content":{"rendered":"<div class=\"fusion-fullwidth fullwidth-box fusion-builder-row-1 fusion-flex-container nonhundred-percent-fullwidth non-hundred-percent-height-scrolling\" style=\"--awb-border-radius-top-left:0px;--awb-border-radius-top-right:0px;--awb-border-radius-bottom-right:0px;--awb-border-radius-bottom-left:0px;--awb-padding-bottom:0px;--awb-flex-wrap:wrap;\" ><div class=\"fusion-builder-row fusion-row fusion-flex-align-items-flex-start fusion-flex-content-wrap\" style=\"max-width:1352px;margin-left: calc(-4% \/ 2 );margin-right: calc(-4% \/ 2 );\"><div class=\"fusion-layout-column fusion_builder_column fusion-builder-column-0 fusion_builder_column_1_2 1_2 fusion-flex-column fusion-flex-align-self-stretch\" style=\"--awb-padding-top:0px;--awb-padding-bottom:0%;--awb-bg-size:cover;--awb-width-large:50%;--awb-margin-top-large:0px;--awb-spacing-right-large:3.84%;--awb-margin-bottom-large:0px;--awb-spacing-left-large:3.84%;--awb-width-medium:100%;--awb-order-medium:0;--awb-spacing-right-medium:1.92%;--awb-spacing-left-medium:1.92%;--awb-width-small:100%;--awb-order-small:0;--awb-spacing-right-small:1.92%;--awb-spacing-left-small:1.92%;\" data-scroll-devices=\"small-visibility,medium-visibility,large-visibility\"><div class=\"fusion-column-wrapper fusion-column-has-shadow fusion-flex-justify-content-flex-start fusion-content-layout-column\"><div class=\"fusion-image-element \" style=\"--awb-margin-top:0px;--awb-caption-title-font-family:var(--h2_typography-font-family);--awb-caption-title-font-weight:var(--h2_typography-font-weight);--awb-caption-title-font-style:var(--h2_typography-font-style);--awb-caption-title-size:var(--h2_typography-font-size);--awb-caption-title-transform:var(--h2_typography-text-transform);--awb-caption-title-line-height:var(--h2_typography-line-height);--awb-caption-title-letter-spacing:var(--h2_typography-letter-spacing);\"><span class=\" fusion-imageframe imageframe-none imageframe-1 hover-type-none\"><img decoding=\"async\" width=\"1200\" height=\"1355\" alt=\"Rally Championship MTXBE\" title=\"renaud_rally-championship-1200&#215;665\" src=\"https:\/\/www.metaltex.com\/wp-content\/uploads\/renaud_rally-championship-1200x665-1.jpg\" class=\"img-responsive wp-image-59561\" srcset=\"https:\/\/www.metaltex.com\/wp-content\/uploads\/renaud_rally-championship-1200x665-1-200x226.jpg 200w, https:\/\/www.metaltex.com\/wp-content\/uploads\/renaud_rally-championship-1200x665-1-400x452.jpg 400w, https:\/\/www.metaltex.com\/wp-content\/uploads\/renaud_rally-championship-1200x665-1-600x678.jpg 600w, https:\/\/www.metaltex.com\/wp-content\/uploads\/renaud_rally-championship-1200x665-1-800x903.jpg 800w, https:\/\/www.metaltex.com\/wp-content\/uploads\/renaud_rally-championship-1200x665-1.jpg 1200w\" sizes=\"(max-width: 1024px) 100vw, (max-width: 640px) 100vw, 800px\" \/><\/span><\/div><div class=\"fusion-separator fusion-no-large-visibility fusion-full-width-sep\" style=\"align-self: center;margin-left: auto;margin-right: auto;margin-top:40px;width:100%;\"><\/div><\/div><\/div><div class=\"fusion-layout-column fusion_builder_column fusion-builder-column-1 fusion_builder_column_1_2 1_2 fusion-flex-column\" style=\"--awb-bg-size:cover;--awb-width-large:50%;--awb-margin-top-large:0px;--awb-spacing-right-large:3.84%;--awb-margin-bottom-large:0px;--awb-spacing-left-large:3.84%;--awb-width-medium:100%;--awb-order-medium:0;--awb-spacing-right-medium:1.92%;--awb-spacing-left-medium:1.92%;--awb-width-small:100%;--awb-order-small:0;--awb-spacing-right-small:1.92%;--awb-spacing-left-small:1.92%;\"><div class=\"fusion-column-wrapper fusion-column-has-shadow fusion-flex-justify-content-flex-start fusion-content-layout-column\"><div class=\"fusion-text fusion-text-1\" style=\"--awb-text-transform:none;\"><div>\n<p><b><span lang=\"EN-US\">Un succ\u00e8s \u00e0 c\u00e9l\u00e9brer : Notre coll\u00e8gue Renaud Herman, champion de Belgique des rallyes<\/span><\/b><\/p>\n<\/div>\n<div>\n<p>Nous sommes ravis de partager l&rsquo;exploit de notre cher coll\u00e8gue et directeur des ventes de notre succursale belge,<strong> Renaud Herman<\/strong>, qui est mont\u00e9 sur le podium avec son co\u00e9quipier Maxime Potty en tant que champion du <strong>championnat de Belgique des rallyes<\/strong>. Tout s&rsquo;est pass\u00e9 le dimanche 26 novembre 2023, dans la c\u00e9l\u00e8bre ville de Spa, qui est aussi la ville natale de Renaud, et qui se trouve \u00e0 quelques kilom\u00e8tres de Pepinster, o\u00f9 se trouve le si\u00e8ge de la succursale Metaltex.<\/p>\n<p>Maxime et Renaud, au volant d&rsquo;une Citro\u00ebn C3 Rally2, ont d\u00e9jou\u00e9 les pronostics en d\u00e9butant la saison en f\u00e9vrier \u00e0 la 5e place en Belgique. Leur parcours remarquable leur a permis de remporter quatre \u00e9preuves sur huit, et de s&rsquo;assurer le titre de champion lors d&rsquo;une course finale passionnante, comprenant 16 \u00e9tapes et se d\u00e9roulant sur deux jours cons\u00e9cutifs.<\/p>\n<p>Mais surtout, Maxime (pilote), qui vient d&rsquo;avoir 24 ans le jour de la victoire, et Renaud (copilote), qui n&rsquo;a que 28 ans, sont devenus la plus jeune \u00e9quipe de rallye au monde \u00e0 remporter un championnat, ce qui ajoute une touche extraordinaire \u00e0 cet exploit.<\/p>\n<p>F\u00e9licitations \u00e0 Renaud et Maxime pour cette victoire historique, toute l&rsquo;\u00e9quipe Metaltex est fi\u00e8re de vous !<\/p>\n<\/div>\n<\/div><div class=\"fusion-separator fusion-full-width-sep\" style=\"align-self: center;margin-left: auto;margin-right: auto;margin-top:20px;width:100%;\"><\/div><\/div><\/div><\/div><\/div>\n","protected":false},"excerpt":{"rendered":"<p>Nous sommes ravis de partager l&rsquo;exploit de notre cher coll\u00e8gue et directeur des ventes de notre succursale belge, Renaud Herman, qui est mont\u00e9 sur le podium avec son co\u00e9quipier Maxime Potty en tant que champion du championnat de Belgique des rallyes. Tout s&rsquo;est pass\u00e9 le dimanche 26 novembre 2023, dans la c\u00e9l\u00e8bre ville de Spa&#8230;<\/p>\n","protected":false},"author":4,"featured_media":59568,"comment_status":"closed","ping_status":"closed","sticky":false,"template":"","format":"standard","meta":{"footnotes":""},"categories":[956,670,221],"tags":[3210,3211,3212],"class_list":["post-59587","post","type-post","status-publish","format-standard","has-post-thumbnail","hentry","category-2023-fr","category-belgium-fr","category-posts-fr","tag-belgiumrallychampion-fr","tag-metaltex-belgium-fr","tag-teamtriumph-fr"],"_links":{"self":[{"href":"https:\/\/www.metaltex.com\/fr\/wp-json\/wp\/v2\/posts\/59587","targetHints":{"allow":["GET"]}}],"collection":[{"href":"https:\/\/www.metaltex.com\/fr\/wp-json\/wp\/v2\/posts"}],"about":[{"href":"https:\/\/www.metaltex.com\/fr\/wp-json\/wp\/v2\/types\/post"}],"author":[{"embeddable":true,"href":"https:\/\/www.metaltex.com\/fr\/wp-json\/wp\/v2\/users\/4"}],"replies":[{"embeddable":true,"href":"https:\/\/www.metaltex.com\/fr\/wp-json\/wp\/v2\/comments?post=59587"}],"version-history":[{"count":0,"href":"https:\/\/www.metaltex.com\/fr\/wp-json\/wp\/v2\/posts\/59587\/revisions"}],"wp:featuredmedia":[{"embeddable":true,"href":"https:\/\/www.metaltex.com\/fr\/wp-json\/wp\/v2\/media\/59568"}],"wp:attachment":[{"href":"https:\/\/www.metaltex.com\/fr\/wp-json\/wp\/v2\/media?parent=59587"}],"wp:term":[{"taxonomy":"category","embeddable":true,"href":"https:\/\/www.metaltex.com\/fr\/wp-json\/wp\/v2\/categories?post=59587"},{"taxonomy":"post_tag","embeddable":true,"href":"https:\/\/www.metaltex.com\/fr\/wp-json\/wp\/v2\/tags?post=59587"}],"curies":[{"name":"wp","href":"https:\/\/api.w.org\/{rel}","templated":true}]}}