{"id":58118,"date":"2006-05-23T14:14:25","date_gmt":"2006-05-23T12:14:25","guid":{"rendered":"https:\/\/www.metaltex.com\/marketing-meeting-2006\/"},"modified":"2023-09-06T14:32:14","modified_gmt":"2023-09-06T12:32:14","slug":"marketing-meeting-2006","status":"publish","type":"post","link":"https:\/\/www.metaltex.com\/fr\/marketing-meeting-2006\/","title":{"rendered":"Marketing Meeting 2006"},"content":{"rendered":"<div class=\"fusion-fullwidth fullwidth-box fusion-builder-row-1 fusion-flex-container nonhundred-percent-fullwidth non-hundred-percent-height-scrolling\" style=\"--awb-border-radius-top-left:0px;--awb-border-radius-top-right:0px;--awb-border-radius-bottom-right:0px;--awb-border-radius-bottom-left:0px;--awb-padding-bottom:0px;--awb-flex-wrap:wrap;\" ><div class=\"fusion-builder-row fusion-row fusion-flex-align-items-flex-start fusion-flex-content-wrap\" style=\"max-width:1352px;margin-left: calc(-4% \/ 2 );margin-right: calc(-4% \/ 2 );\"><div class=\"fusion-layout-column fusion_builder_column fusion-builder-column-0 fusion_builder_column_1_2 1_2 fusion-flex-column fusion-flex-align-self-stretch\" style=\"--awb-padding-top:0px;--awb-padding-bottom:0%;--awb-bg-size:cover;--awb-width-large:50%;--awb-margin-top-large:0px;--awb-spacing-right-large:3.84%;--awb-margin-bottom-large:0px;--awb-spacing-left-large:3.84%;--awb-width-medium:100%;--awb-order-medium:0;--awb-spacing-right-medium:1.92%;--awb-spacing-left-medium:1.92%;--awb-width-small:100%;--awb-order-small:0;--awb-spacing-right-small:1.92%;--awb-spacing-left-small:1.92%;\" data-scroll-devices=\"small-visibility,medium-visibility,large-visibility\"><div class=\"fusion-column-wrapper fusion-column-has-shadow fusion-flex-justify-content-flex-start fusion-content-layout-column\"><div class=\"fusion-image-element \" style=\"--awb-margin-top:0px;--awb-caption-title-font-family:var(--h2_typography-font-family);--awb-caption-title-font-weight:var(--h2_typography-font-weight);--awb-caption-title-font-style:var(--h2_typography-font-style);--awb-caption-title-size:var(--h2_typography-font-size);--awb-caption-title-transform:var(--h2_typography-text-transform);--awb-caption-title-line-height:var(--h2_typography-line-height);--awb-caption-title-letter-spacing:var(--h2_typography-letter-spacing);\"><span class=\" fusion-imageframe imageframe-none imageframe-1 hover-type-none\"><a href=\"https:\/\/www.metaltex.com\/wp-content\/uploads\/2023\/09\/MM-2006-Valencia.jpg\" class=\"fusion-lightbox\" data-rel=\"iLightbox[1d0cbc1b864d9363b7e]\" data-title=\"MM-2006-Valencia\" title=\"MM-2006-Valencia\"><img decoding=\"async\" width=\"2000\" height=\"1333\" src=\"https:\/\/www.metaltex.com\/wp-content\/uploads\/2023\/09\/MM-2006-Valencia.jpg\" alt class=\"img-responsive wp-image-58103\" srcset=\"https:\/\/www.metaltex.com\/wp-content\/uploads\/2023\/09\/MM-2006-Valencia-200x133.jpg 200w, https:\/\/www.metaltex.com\/wp-content\/uploads\/2023\/09\/MM-2006-Valencia-400x267.jpg 400w, https:\/\/www.metaltex.com\/wp-content\/uploads\/2023\/09\/MM-2006-Valencia-600x400.jpg 600w, https:\/\/www.metaltex.com\/wp-content\/uploads\/2023\/09\/MM-2006-Valencia-800x533.jpg 800w, https:\/\/www.metaltex.com\/wp-content\/uploads\/2023\/09\/MM-2006-Valencia-1200x800.jpg 1200w, https:\/\/www.metaltex.com\/wp-content\/uploads\/2023\/09\/MM-2006-Valencia.jpg 2000w\" sizes=\"(max-width: 1024px) 100vw, (max-width: 640px) 100vw, 800px\" \/><\/a><\/span><\/div><div class=\"fusion-separator fusion-no-large-visibility fusion-full-width-sep\" style=\"align-self: center;margin-left: auto;margin-right: auto;margin-top:40px;width:100%;\"><\/div><\/div><\/div><div class=\"fusion-layout-column fusion_builder_column fusion-builder-column-1 fusion_builder_column_1_2 1_2 fusion-flex-column\" style=\"--awb-bg-size:cover;--awb-width-large:50%;--awb-margin-top-large:0px;--awb-spacing-right-large:3.84%;--awb-margin-bottom-large:0px;--awb-spacing-left-large:3.84%;--awb-width-medium:100%;--awb-order-medium:0;--awb-spacing-right-medium:1.92%;--awb-spacing-left-medium:1.92%;--awb-width-small:100%;--awb-order-small:0;--awb-spacing-right-small:1.92%;--awb-spacing-left-small:1.92%;\"><div class=\"fusion-column-wrapper fusion-column-has-shadow fusion-flex-justify-content-flex-start fusion-content-layout-column\"><div class=\"fusion-text fusion-text-1\" style=\"--awb-text-transform:none;\"><p>La r\u00e9union annuelle des responsables Marketing et Ventes du Groupe Metaltex s\u2019est tenue cette ann\u00e9e \u00e0 Valence, ville o\u00f9 r\u00e9side la soci\u00e9t\u00e9 espagnole du Groupe, <a href=\"https:\/\/www.metaltex.com\/fr\/reseau-commercial\/espagne\/\" target=\"_blank\" rel=\"noopener\">Metaltex Iberia S.L.<\/a><\/p>\n<p>Du 18 au 20 mai, on a parl\u00e9 de produits et de programmes : Toronto, Montr\u00e9al, Railtex et Borealis ne sont que quelques-uns des nouveaux produits que nous trouverons dans les rayons \u00e0 travers le monde, la prochaine saison. Metaltex Alliance, Bravotex Program et StepLine Program sont en revanche les initiatives et les programmes en phase de d\u00e9veloppement constante.<\/p>\n<p>Selon la tradition Metaltex, la r\u00e9union doit aussi \u00eatre un moment de distraction et d\u2019approfondissement des us et coutumes du pays qui re\u00e7oit. Nous voulons ainsi rappeler le tour de la ville tr\u00e8s int\u00e9ressant, la soir\u00e9e avec d\u00eener valencien et musique hispano-cubaine, la r\u00e9gate pour les qualifications \u00e0 l\u2019America\u2019s Cup, que nous avons pu suivre directement de la mer. Nous avons ainsi support\u00e9 les membres de l\u2019\u00e9quipage de Blue Moon, la voile sponsoris\u00e9e par Metaltex. Notre skipper Flavio Favini \u00e9tait \u00e0 la barre de Mascalzone Latino et Claudio Celon sur Alinghi.<\/p>\n<p>Un meeting assur\u00e9ment bien r\u00e9ussi, pour lequel nous remercions la soci\u00e9t\u00e9 qui nous a re\u00e7us, Metaltex Iberia.<\/p>\n<\/div><\/div><\/div><\/div><\/div>\n","protected":false},"excerpt":{"rendered":"<p>La r\u00e9union annuelle des responsables Marketing et Ventes du Groupe Metaltex s\u2019est tenue cette ann\u00e9e \u00e0 Valence, ville o\u00f9 r\u00e9side la soci\u00e9t\u00e9 espagnole du Groupe, Metaltex Iberia S.L. Du 18 au 20 mai, on a parl\u00e9 de produits et de programmes : Toronto, Montr\u00e9al, Railtex et Borealis ne sont que quelques-uns des nouveaux produits que nous trouverons dans les rayons \u00e0 travers le monde&#8230;<\/p>\n","protected":false},"author":4,"featured_media":58097,"comment_status":"closed","ping_status":"closed","sticky":false,"template":"","format":"standard","meta":{"footnotes":""},"categories":[597,221,712],"tags":[509,829],"class_list":["post-58118","post","type-post","status-publish","format-standard","has-post-thumbnail","hentry","category-2006-fr","category-posts-fr","category-spain-fr","tag-marketing-meeting-fr-2","tag-valencia-fr"],"_links":{"self":[{"href":"https:\/\/www.metaltex.com\/fr\/wp-json\/wp\/v2\/posts\/58118","targetHints":{"allow":["GET"]}}],"collection":[{"href":"https:\/\/www.metaltex.com\/fr\/wp-json\/wp\/v2\/posts"}],"about":[{"href":"https:\/\/www.metaltex.com\/fr\/wp-json\/wp\/v2\/types\/post"}],"author":[{"embeddable":true,"href":"https:\/\/www.metaltex.com\/fr\/wp-json\/wp\/v2\/users\/4"}],"replies":[{"embeddable":true,"href":"https:\/\/www.metaltex.com\/fr\/wp-json\/wp\/v2\/comments?post=58118"}],"version-history":[{"count":0,"href":"https:\/\/www.metaltex.com\/fr\/wp-json\/wp\/v2\/posts\/58118\/revisions"}],"wp:featuredmedia":[{"embeddable":true,"href":"https:\/\/www.metaltex.com\/fr\/wp-json\/wp\/v2\/media\/58097"}],"wp:attachment":[{"href":"https:\/\/www.metaltex.com\/fr\/wp-json\/wp\/v2\/media?parent=58118"}],"wp:term":[{"taxonomy":"category","embeddable":true,"href":"https:\/\/www.metaltex.com\/fr\/wp-json\/wp\/v2\/categories?post=58118"},{"taxonomy":"post_tag","embeddable":true,"href":"https:\/\/www.metaltex.com\/fr\/wp-json\/wp\/v2\/tags?post=58118"}],"curies":[{"name":"wp","href":"https:\/\/api.w.org\/{rel}","templated":true}]}}