{"id":50304,"date":"2023-05-20T10:52:32","date_gmt":"2023-05-20T08:52:32","guid":{"rendered":"https:\/\/www.metaltex.com\/marketing-meeting-2023\/"},"modified":"2023-06-01T09:27:53","modified_gmt":"2023-06-01T07:27:53","slug":"marketing-meeting-2023","status":"publish","type":"post","link":"https:\/\/www.metaltex.com\/fr\/marketing-meeting-2023\/","title":{"rendered":"Marketing Meeting 2023"},"content":{"rendered":"<div class=\"fusion-fullwidth fullwidth-box fusion-builder-row-1 fusion-flex-container nonhundred-percent-fullwidth non-hundred-percent-height-scrolling\" style=\"--awb-border-radius-top-left:0px;--awb-border-radius-top-right:0px;--awb-border-radius-bottom-right:0px;--awb-border-radius-bottom-left:0px;--awb-padding-bottom:0px;--awb-flex-wrap:wrap;\" ><div class=\"fusion-builder-row fusion-row fusion-flex-align-items-flex-start fusion-flex-content-wrap\" style=\"max-width:1352px;margin-left: calc(-4% \/ 2 );margin-right: calc(-4% \/ 2 );\"><div class=\"fusion-layout-column fusion_builder_column fusion-builder-column-0 fusion_builder_column_1_2 1_2 fusion-flex-column fusion-flex-align-self-stretch\" style=\"--awb-padding-top:0px;--awb-padding-bottom:0%;--awb-bg-size:cover;--awb-width-large:50%;--awb-margin-top-large:0px;--awb-spacing-right-large:3.84%;--awb-margin-bottom-large:0px;--awb-spacing-left-large:3.84%;--awb-width-medium:100%;--awb-order-medium:0;--awb-spacing-right-medium:1.92%;--awb-spacing-left-medium:1.92%;--awb-width-small:100%;--awb-order-small:0;--awb-spacing-right-small:1.92%;--awb-spacing-left-small:1.92%;\" data-scroll-devices=\"small-visibility,medium-visibility,large-visibility\"><div class=\"fusion-column-wrapper fusion-column-has-shadow fusion-flex-justify-content-flex-start fusion-content-layout-column\"><div class=\"fusion-image-element \" style=\"--awb-margin-top:0px;--awb-caption-title-font-family:var(--h2_typography-font-family);--awb-caption-title-font-weight:var(--h2_typography-font-weight);--awb-caption-title-font-style:var(--h2_typography-font-style);--awb-caption-title-size:var(--h2_typography-font-size);--awb-caption-title-transform:var(--h2_typography-text-transform);--awb-caption-title-line-height:var(--h2_typography-line-height);--awb-caption-title-letter-spacing:var(--h2_typography-letter-spacing);\"><span class=\" fusion-imageframe imageframe-none imageframe-1 hover-type-none\"><a href=\"https:\/\/www.metaltex.com\/wp-content\/uploads\/2023\/05\/MM-in-Budapest_group.jpg\" class=\"fusion-lightbox\" data-rel=\"iLightbox[2143fa02cb6ad57a246]\" data-caption=\"Metaltex Marketing Meeting Budapest 2023\" data-title=\"MM-in-Budapest_group\" title=\"MM-in-Budapest_group\"><img decoding=\"async\" width=\"2000\" height=\"1500\" alt=\"Metaltex Marketing Meeting Budapest 2023\" src=\"https:\/\/www.metaltex.com\/wp-content\/uploads\/2023\/05\/MM-in-Budapest_group.jpg\" class=\"img-responsive wp-image-50253\" srcset=\"https:\/\/www.metaltex.com\/wp-content\/uploads\/2023\/05\/MM-in-Budapest_group-200x150.jpg 200w, https:\/\/www.metaltex.com\/wp-content\/uploads\/2023\/05\/MM-in-Budapest_group-400x300.jpg 400w, https:\/\/www.metaltex.com\/wp-content\/uploads\/2023\/05\/MM-in-Budapest_group-600x450.jpg 600w, https:\/\/www.metaltex.com\/wp-content\/uploads\/2023\/05\/MM-in-Budapest_group-800x600.jpg 800w, https:\/\/www.metaltex.com\/wp-content\/uploads\/2023\/05\/MM-in-Budapest_group-1200x900.jpg 1200w, https:\/\/www.metaltex.com\/wp-content\/uploads\/2023\/05\/MM-in-Budapest_group.jpg 2000w\" sizes=\"(max-width: 1024px) 100vw, (max-width: 640px) 100vw, 800px\" \/><\/a><\/span><\/div><div class=\"fusion-image-element \" style=\"--awb-margin-top:20px;--awb-caption-title-font-family:var(--h2_typography-font-family);--awb-caption-title-font-weight:var(--h2_typography-font-weight);--awb-caption-title-font-style:var(--h2_typography-font-style);--awb-caption-title-size:var(--h2_typography-font-size);--awb-caption-title-transform:var(--h2_typography-text-transform);--awb-caption-title-line-height:var(--h2_typography-line-height);--awb-caption-title-letter-spacing:var(--h2_typography-letter-spacing);\"><span class=\" fusion-imageframe imageframe-none imageframe-2 hover-type-none\"><a href=\"https:\/\/www.metaltex.com\/wp-content\/uploads\/2023\/05\/MM-in-Budapest_conference.jpg\" class=\"fusion-lightbox\" data-rel=\"iLightbox[8b5a5668346ee9bbc8d]\" data-caption=\"Metaltex Marketing Meeting Budapest 2023\" data-title=\"MM-in-Budapest_conference\" title=\"MM-in-Budapest_conference\"><img decoding=\"async\" width=\"2000\" height=\"1500\" alt=\"Metaltex Marketing Meeting Budapest 2023\" src=\"https:\/\/www.metaltex.com\/wp-content\/uploads\/2023\/05\/MM-in-Budapest_conference.jpg\" class=\"img-responsive wp-image-50265\" srcset=\"https:\/\/www.metaltex.com\/wp-content\/uploads\/2023\/05\/MM-in-Budapest_conference-200x150.jpg 200w, https:\/\/www.metaltex.com\/wp-content\/uploads\/2023\/05\/MM-in-Budapest_conference-400x300.jpg 400w, https:\/\/www.metaltex.com\/wp-content\/uploads\/2023\/05\/MM-in-Budapest_conference-600x450.jpg 600w, https:\/\/www.metaltex.com\/wp-content\/uploads\/2023\/05\/MM-in-Budapest_conference-800x600.jpg 800w, https:\/\/www.metaltex.com\/wp-content\/uploads\/2023\/05\/MM-in-Budapest_conference-1200x900.jpg 1200w, https:\/\/www.metaltex.com\/wp-content\/uploads\/2023\/05\/MM-in-Budapest_conference.jpg 2000w\" sizes=\"(max-width: 1024px) 100vw, (max-width: 640px) 100vw, 800px\" \/><\/a><\/span><\/div><div class=\"fusion-image-element \" style=\"--awb-margin-top:20px;--awb-caption-title-font-family:var(--h2_typography-font-family);--awb-caption-title-font-weight:var(--h2_typography-font-weight);--awb-caption-title-font-style:var(--h2_typography-font-style);--awb-caption-title-size:var(--h2_typography-font-size);--awb-caption-title-transform:var(--h2_typography-text-transform);--awb-caption-title-line-height:var(--h2_typography-line-height);--awb-caption-title-letter-spacing:var(--h2_typography-letter-spacing);\"><span class=\" fusion-imageframe imageframe-none imageframe-3 hover-type-none\"><a href=\"https:\/\/www.metaltex.com\/wp-content\/uploads\/2023\/05\/MM-in-Budapest_relators.jpg\" class=\"fusion-lightbox\" data-rel=\"iLightbox[58f591a8097535e108f]\" data-caption=\"Metaltex Marketing Meeting Budapest 2023\" data-title=\"MM-in-Budapest_relators\" title=\"MM-in-Budapest_relators\"><img decoding=\"async\" width=\"2000\" height=\"1500\" alt=\"Metaltex Marketing Meeting Budapest 2023\" src=\"https:\/\/www.metaltex.com\/wp-content\/uploads\/2023\/05\/MM-in-Budapest_relators.jpg\" class=\"img-responsive wp-image-50278\" srcset=\"https:\/\/www.metaltex.com\/wp-content\/uploads\/2023\/05\/MM-in-Budapest_relators-200x150.jpg 200w, https:\/\/www.metaltex.com\/wp-content\/uploads\/2023\/05\/MM-in-Budapest_relators-400x300.jpg 400w, https:\/\/www.metaltex.com\/wp-content\/uploads\/2023\/05\/MM-in-Budapest_relators-600x450.jpg 600w, https:\/\/www.metaltex.com\/wp-content\/uploads\/2023\/05\/MM-in-Budapest_relators-800x600.jpg 800w, https:\/\/www.metaltex.com\/wp-content\/uploads\/2023\/05\/MM-in-Budapest_relators-1200x900.jpg 1200w, https:\/\/www.metaltex.com\/wp-content\/uploads\/2023\/05\/MM-in-Budapest_relators.jpg 2000w\" sizes=\"(max-width: 1024px) 100vw, (max-width: 640px) 100vw, 800px\" \/><\/a><\/span><\/div><div class=\"fusion-image-element \" style=\"--awb-margin-top:20px;--awb-caption-title-font-family:var(--h2_typography-font-family);--awb-caption-title-font-weight:var(--h2_typography-font-weight);--awb-caption-title-font-style:var(--h2_typography-font-style);--awb-caption-title-size:var(--h2_typography-font-size);--awb-caption-title-transform:var(--h2_typography-text-transform);--awb-caption-title-line-height:var(--h2_typography-line-height);--awb-caption-title-letter-spacing:var(--h2_typography-letter-spacing);\"><span class=\" fusion-imageframe imageframe-none imageframe-4 hover-type-none\"><a href=\"https:\/\/www.metaltex.com\/wp-content\/uploads\/2023\/05\/MM-in-Budapest_dinner.jpg\" class=\"fusion-lightbox\" data-rel=\"iLightbox[5167ad3bd64c00aa83a]\" data-caption=\"Metaltex Marketing Meeting Budapest 2023\" data-title=\"MM-in-Budapest_dinner\" title=\"MM-in-Budapest_dinner\"><img decoding=\"async\" width=\"2000\" height=\"997\" alt=\"Metaltex Marketing Meeting Budapest 2023\" src=\"https:\/\/www.metaltex.com\/wp-content\/uploads\/2023\/05\/MM-in-Budapest_dinner.jpg\" class=\"img-responsive wp-image-50286\" srcset=\"https:\/\/www.metaltex.com\/wp-content\/uploads\/2023\/05\/MM-in-Budapest_dinner-200x100.jpg 200w, https:\/\/www.metaltex.com\/wp-content\/uploads\/2023\/05\/MM-in-Budapest_dinner-400x199.jpg 400w, https:\/\/www.metaltex.com\/wp-content\/uploads\/2023\/05\/MM-in-Budapest_dinner-600x299.jpg 600w, https:\/\/www.metaltex.com\/wp-content\/uploads\/2023\/05\/MM-in-Budapest_dinner-800x399.jpg 800w, https:\/\/www.metaltex.com\/wp-content\/uploads\/2023\/05\/MM-in-Budapest_dinner-1200x598.jpg 1200w, https:\/\/www.metaltex.com\/wp-content\/uploads\/2023\/05\/MM-in-Budapest_dinner.jpg 2000w\" sizes=\"(max-width: 1024px) 100vw, (max-width: 640px) 100vw, 800px\" \/><\/a><\/span><\/div><div class=\"fusion-image-element \" style=\"--awb-margin-top:20px;--awb-caption-title-font-family:var(--h2_typography-font-family);--awb-caption-title-font-weight:var(--h2_typography-font-weight);--awb-caption-title-font-style:var(--h2_typography-font-style);--awb-caption-title-size:var(--h2_typography-font-size);--awb-caption-title-transform:var(--h2_typography-text-transform);--awb-caption-title-line-height:var(--h2_typography-line-height);--awb-caption-title-letter-spacing:var(--h2_typography-letter-spacing);\"><span class=\" fusion-imageframe imageframe-none imageframe-5 hover-type-none\"><a href=\"https:\/\/www.metaltex.com\/wp-content\/uploads\/2023\/05\/MM-in-Budapest_city.jpg\" class=\"fusion-lightbox\" data-rel=\"iLightbox[29e8f6a4ebcaf025bb6]\" data-caption=\"Metaltex Marketing Meeting Budapest 2023\" data-title=\"MM-in-Budapest_city\" title=\"MM-in-Budapest_city\"><img decoding=\"async\" width=\"2000\" height=\"1500\" alt=\"Metaltex Marketing Meeting Budapest 2023\" src=\"https:\/\/www.metaltex.com\/wp-content\/uploads\/2023\/05\/MM-in-Budapest_city.jpg\" class=\"img-responsive wp-image-50292\" srcset=\"https:\/\/www.metaltex.com\/wp-content\/uploads\/2023\/05\/MM-in-Budapest_city-200x150.jpg 200w, https:\/\/www.metaltex.com\/wp-content\/uploads\/2023\/05\/MM-in-Budapest_city-400x300.jpg 400w, https:\/\/www.metaltex.com\/wp-content\/uploads\/2023\/05\/MM-in-Budapest_city-600x450.jpg 600w, https:\/\/www.metaltex.com\/wp-content\/uploads\/2023\/05\/MM-in-Budapest_city-800x600.jpg 800w, https:\/\/www.metaltex.com\/wp-content\/uploads\/2023\/05\/MM-in-Budapest_city-1200x900.jpg 1200w, https:\/\/www.metaltex.com\/wp-content\/uploads\/2023\/05\/MM-in-Budapest_city.jpg 2000w\" sizes=\"(max-width: 1024px) 100vw, (max-width: 640px) 100vw, 800px\" \/><\/a><\/span><\/div><\/div><\/div><div class=\"fusion-layout-column fusion_builder_column fusion-builder-column-1 fusion_builder_column_1_2 1_2 fusion-flex-column\" style=\"--awb-bg-size:cover;--awb-width-large:50%;--awb-margin-top-large:0px;--awb-spacing-right-large:3.84%;--awb-margin-bottom-large:0px;--awb-spacing-left-large:3.84%;--awb-width-medium:100%;--awb-order-medium:0;--awb-spacing-right-medium:1.92%;--awb-spacing-left-medium:1.92%;--awb-width-small:100%;--awb-order-small:0;--awb-spacing-right-small:1.92%;--awb-spacing-left-small:1.92%;\"><div class=\"fusion-column-wrapper fusion-column-has-shadow fusion-flex-justify-content-flex-start fusion-content-layout-column\"><div class=\"fusion-text fusion-text-1\" style=\"--awb-text-transform:none;\"><div>\n<p><b><span lang=\"EN-US\">Faits marquants de la r\u00e9union marketing de Metaltex \u00e0 Budapest<\/span><\/b><\/p>\n<\/div>\n<div>\n<p>Nous sommes ravis de partager le succ\u00e8s de la r\u00e9union marketing de Metaltex \u00e0 Budapest. Avec 25 directeurs commerciaux de nos succursales europ\u00e9ennes et 7 repr\u00e9sentants du si\u00e8ge, l&rsquo;\u00e9v\u00e9nement a \u00e9t\u00e9 riche en pr\u00e9sentations et projets de notre talentueuse \u00e9quipe.<\/p>\n<p>Sergio Morandi, notre PDG, a donn\u00e9 le coup d&rsquo;envoi de la journ\u00e9e en accueillant chaleureusement Julie Strahl, directrice g\u00e9n\u00e9rale de notre filiale belge, qui participait pour la premi\u00e8re fois \u00e0 l&rsquo;\u00e9v\u00e9nement. Les invit\u00e9es Cristina Fontana et Francesca Pirone, qui apportent une aide pr\u00e9cieuse dans leurs secteurs de vente respectifs \u00e0 l&rsquo;\u00e9tranger, se sont \u00e9galement jointes \u00e0 nous.<\/p>\n<p>Nos responsables marketing Marco Morandi, Luca Bertolini, Anna Baldacci et Martina Califano ont pr\u00e9sent\u00e9 une gamme impressionnante de nouveaux produits dans les domaines de la cuisine, du rangement, de l&rsquo;organisation et de l&rsquo;entretien du linge. Ces nouveaut\u00e9s passionnantes seront bient\u00f4t pr\u00e9sent\u00e9es au prochain salon Ambiente \u00e0 Francfort.<\/p>\n<p>Nous avons abord\u00e9 des sujets int\u00e9ressants, notamment un <strong>rapport perspicace sur les influenceurs en ligne en Italie<\/strong>, r\u00e9dig\u00e9 par Maddalena Ajdukiewicz de la centrale d&rsquo;achat. Rodrigo Marcos, notre sp\u00e9cialiste de la communication, a d\u00e9voil\u00e9 le <strong>nouveau site web de l&rsquo;entreprise<\/strong>, tr\u00e8s attendu, qui sera lanc\u00e9 le 5 juin.<\/p>\n<p>Patrizia Aiello, notre responsable de la s\u00e9curit\u00e9 des produits, a abord\u00e9 la question urgente des <strong>rev\u00eatements antiadh\u00e9sifs contenant des PFAS<\/strong>, renfor\u00e7ant ainsi notre engagement en faveur de la s\u00e9curit\u00e9 des produits et du d\u00e9veloppement durable.<\/p>\n<p>Nicolas Staedel et Vasso Van Sprang, de nos filiales fran\u00e7aise et n\u00e9erlandaise respectivement, ont partag\u00e9 leur expertise, discutant de <strong>l&rsquo;impact des vid\u00e9os de produits sur le point de vente<\/strong> et du potentiel des<strong> programmes de marketing d&rsquo;affiliation<\/strong>.<\/p>\n<p>Nous remercions chaleureusement notre filiale hongroise, dirig\u00e9e par Zoltan Baranyai, directeur g\u00e9n\u00e9ral, et soutenue par Kristina Pesei, directrice des ventes, et R\u00e9ka Baranyai, responsable du marketing, pour l&rsquo;<strong>organisation exceptionnelle de l&rsquo;\u00e9v\u00e9nement<\/strong>. Nos invit\u00e9s ont b\u00e9n\u00e9fici\u00e9 de visites guid\u00e9es de Budapest et de d\u00e9licieux d\u00eeners dans des restaurants, savourant des sp\u00e9cialit\u00e9s hongroises telles que le Goulash et le Marharp\u00f6rk\u00f6lt.<\/p>\n<p>Nous sommes extr\u00eamement reconnaissants \u00e0 Metaltex Hungary pour ses efforts exceptionnels, et le succ\u00e8s de la r\u00e9union de marketing r\u00e9affirmant notre engagement en faveur de <strong>l&rsquo;innovation<\/strong>, de la <strong>collaboration<\/strong> et de l&rsquo;offre d&rsquo;<strong>exp\u00e9riences exceptionnelles<\/strong> \u00e0 nos clients.<\/p>\n<p>Restez \u00e0 l&rsquo;\u00e9coute pour d&rsquo;autres mises \u00e0 jour passionnantes alors que nous fa\u00e7onnons l&rsquo;avenir de Metaltex !<\/p>\n<\/div>\n<\/div><\/div><\/div><\/div><\/div>\n","protected":false},"excerpt":{"rendered":"<p>Nous sommes ravis de partager le succ\u00e8s de la r\u00e9union marketing de Metaltex \u00e0 Budapest. Avec 25 directeurs commerciaux de nos succursales europ\u00e9ennes et 7 repr\u00e9sentants du si\u00e8ge, l&rsquo;\u00e9v\u00e9nement a \u00e9t\u00e9 riche en pr\u00e9sentations et projets de notre talentueuse \u00e9quipe. Sergio Morandi, notre PDG, a donn\u00e9 le coup d&rsquo;envoi de la journ\u00e9e en accueillant chaleureusement Julie Strahl, directrice g\u00e9n\u00e9rale de notre filiale belge, qui participait pour la premi\u00e8re fois \u00e0 l&rsquo;\u00e9v\u00e9nement. Les invit\u00e9es Cristina Fontana et Francesca Pirone&#8230;<\/p>\n","protected":false},"author":4,"featured_media":50259,"comment_status":"closed","ping_status":"closed","sticky":false,"template":"","format":"standard","meta":{"footnotes":""},"categories":[956,803,221],"tags":[509],"class_list":["post-50304","post","type-post","status-publish","format-standard","has-post-thumbnail","hentry","category-2023-fr","category-hungary-fr","category-posts-fr","tag-marketing-meeting-fr-2"],"_links":{"self":[{"href":"https:\/\/www.metaltex.com\/fr\/wp-json\/wp\/v2\/posts\/50304","targetHints":{"allow":["GET"]}}],"collection":[{"href":"https:\/\/www.metaltex.com\/fr\/wp-json\/wp\/v2\/posts"}],"about":[{"href":"https:\/\/www.metaltex.com\/fr\/wp-json\/wp\/v2\/types\/post"}],"author":[{"embeddable":true,"href":"https:\/\/www.metaltex.com\/fr\/wp-json\/wp\/v2\/users\/4"}],"replies":[{"embeddable":true,"href":"https:\/\/www.metaltex.com\/fr\/wp-json\/wp\/v2\/comments?post=50304"}],"version-history":[{"count":0,"href":"https:\/\/www.metaltex.com\/fr\/wp-json\/wp\/v2\/posts\/50304\/revisions"}],"wp:featuredmedia":[{"embeddable":true,"href":"https:\/\/www.metaltex.com\/fr\/wp-json\/wp\/v2\/media\/50259"}],"wp:attachment":[{"href":"https:\/\/www.metaltex.com\/fr\/wp-json\/wp\/v2\/media?parent=50304"}],"wp:term":[{"taxonomy":"category","embeddable":true,"href":"https:\/\/www.metaltex.com\/fr\/wp-json\/wp\/v2\/categories?post=50304"},{"taxonomy":"post_tag","embeddable":true,"href":"https:\/\/www.metaltex.com\/fr\/wp-json\/wp\/v2\/tags?post=50304"}],"curies":[{"name":"wp","href":"https:\/\/api.w.org\/{rel}","templated":true}]}}