{"id":47779,"date":"2023-02-07T08:10:52","date_gmt":"2023-02-07T07:10:52","guid":{"rendered":"https:\/\/www.metaltex.com\/ambiente-2023\/"},"modified":"2023-07-03T13:32:13","modified_gmt":"2023-07-03T11:32:13","slug":"ambiente-2023","status":"publish","type":"post","link":"https:\/\/www.metaltex.com\/fr\/ambiente-2023\/","title":{"rendered":"Ambiente 2023"},"content":{"rendered":"<div class=\"fusion-fullwidth fullwidth-box fusion-builder-row-1 fusion-flex-container nonhundred-percent-fullwidth non-hundred-percent-height-scrolling\" style=\"--awb-border-radius-top-left:0px;--awb-border-radius-top-right:0px;--awb-border-radius-bottom-right:0px;--awb-border-radius-bottom-left:0px;--awb-flex-wrap:wrap;\" ><div class=\"fusion-builder-row fusion-row fusion-flex-align-items-flex-start fusion-flex-content-wrap\" style=\"max-width:1352px;margin-left: calc(-4% \/ 2 );margin-right: calc(-4% \/ 2 );\"><div class=\"fusion-layout-column fusion_builder_column fusion-builder-column-0 fusion_builder_column_1_2 1_2 fusion-flex-column\" style=\"--awb-padding-top:0px;--awb-padding-bottom:5%;--awb-bg-size:cover;--awb-width-large:50%;--awb-margin-top-large:0px;--awb-spacing-right-large:3.84%;--awb-margin-bottom-large:35px;--awb-spacing-left-large:3.84%;--awb-width-medium:100%;--awb-order-medium:0;--awb-spacing-right-medium:1.92%;--awb-spacing-left-medium:1.92%;--awb-width-small:100%;--awb-order-small:0;--awb-spacing-right-small:1.92%;--awb-spacing-left-small:1.92%;\"><div class=\"fusion-column-wrapper fusion-column-has-shadow fusion-flex-justify-content-flex-start fusion-content-layout-column\"><div class=\"fusion-image-element \" style=\"text-align:center;--awb-margin-top:20px;--awb-caption-title-font-family:var(--h2_typography-font-family);--awb-caption-title-font-weight:var(--h2_typography-font-weight);--awb-caption-title-font-style:var(--h2_typography-font-style);--awb-caption-title-size:var(--h2_typography-font-size);--awb-caption-title-transform:var(--h2_typography-text-transform);--awb-caption-title-line-height:var(--h2_typography-line-height);--awb-caption-title-letter-spacing:var(--h2_typography-letter-spacing);\"><span class=\" fusion-imageframe imageframe-none imageframe-1 hover-type-none\"><img decoding=\"async\" width=\"1000\" height=\"787\" alt=\"Metaltex at AMBIENTE 2023\" title=\"Metaltex_Ambiente-2023_01\" src=\"https:\/\/www.metaltex.com\/wp-content\/uploads\/2023\/02\/Metaltex_Ambiente-2023_01.jpg\" class=\"img-responsive wp-image-47757\" srcset=\"https:\/\/www.metaltex.com\/wp-content\/uploads\/2023\/02\/Metaltex_Ambiente-2023_01-200x157.jpg 200w, https:\/\/www.metaltex.com\/wp-content\/uploads\/2023\/02\/Metaltex_Ambiente-2023_01-400x315.jpg 400w, https:\/\/www.metaltex.com\/wp-content\/uploads\/2023\/02\/Metaltex_Ambiente-2023_01-600x472.jpg 600w, https:\/\/www.metaltex.com\/wp-content\/uploads\/2023\/02\/Metaltex_Ambiente-2023_01-800x630.jpg 800w, https:\/\/www.metaltex.com\/wp-content\/uploads\/2023\/02\/Metaltex_Ambiente-2023_01.jpg 1000w\" sizes=\"(max-width: 1024px) 100vw, (max-width: 640px) 100vw, 800px\" \/><\/span><\/div><div class=\"fusion-image-element \" style=\"text-align:center;--awb-margin-top:20px;--awb-caption-title-font-family:var(--h2_typography-font-family);--awb-caption-title-font-weight:var(--h2_typography-font-weight);--awb-caption-title-font-style:var(--h2_typography-font-style);--awb-caption-title-size:var(--h2_typography-font-size);--awb-caption-title-transform:var(--h2_typography-text-transform);--awb-caption-title-line-height:var(--h2_typography-line-height);--awb-caption-title-letter-spacing:var(--h2_typography-letter-spacing);\"><span class=\" fusion-imageframe imageframe-none imageframe-2 hover-type-none\"><img decoding=\"async\" width=\"1000\" height=\"825\" alt=\"Metaltex at AMBIENTE 2023\" title=\"Metaltex_Ambiente-2023_03\" src=\"https:\/\/www.metaltex.com\/wp-content\/uploads\/2023\/02\/Metaltex_Ambiente-2023_03.jpg\" class=\"img-responsive wp-image-47769\" srcset=\"https:\/\/www.metaltex.com\/wp-content\/uploads\/2023\/02\/Metaltex_Ambiente-2023_03-200x165.jpg 200w, https:\/\/www.metaltex.com\/wp-content\/uploads\/2023\/02\/Metaltex_Ambiente-2023_03-400x330.jpg 400w, https:\/\/www.metaltex.com\/wp-content\/uploads\/2023\/02\/Metaltex_Ambiente-2023_03-600x495.jpg 600w, https:\/\/www.metaltex.com\/wp-content\/uploads\/2023\/02\/Metaltex_Ambiente-2023_03-800x660.jpg 800w, https:\/\/www.metaltex.com\/wp-content\/uploads\/2023\/02\/Metaltex_Ambiente-2023_03.jpg 1000w\" sizes=\"(max-width: 1024px) 100vw, (max-width: 640px) 100vw, 800px\" \/><\/span><\/div><div class=\"fusion-image-element \" style=\"text-align:center;--awb-margin-top:20px;--awb-caption-title-font-family:var(--h2_typography-font-family);--awb-caption-title-font-weight:var(--h2_typography-font-weight);--awb-caption-title-font-style:var(--h2_typography-font-style);--awb-caption-title-size:var(--h2_typography-font-size);--awb-caption-title-transform:var(--h2_typography-text-transform);--awb-caption-title-line-height:var(--h2_typography-line-height);--awb-caption-title-letter-spacing:var(--h2_typography-letter-spacing);\"><span class=\" fusion-imageframe imageframe-none imageframe-3 hover-type-none\"><img decoding=\"async\" width=\"1000\" height=\"710\" alt=\"Metaltex at AMBIENTE 2023\" title=\"Metaltex_Ambiente-2023_02\" src=\"https:\/\/www.metaltex.com\/wp-content\/uploads\/2023\/02\/Metaltex_Ambiente-2023_02.jpg\" class=\"img-responsive wp-image-47763\" srcset=\"https:\/\/www.metaltex.com\/wp-content\/uploads\/2023\/02\/Metaltex_Ambiente-2023_02-200x142.jpg 200w, https:\/\/www.metaltex.com\/wp-content\/uploads\/2023\/02\/Metaltex_Ambiente-2023_02-400x284.jpg 400w, https:\/\/www.metaltex.com\/wp-content\/uploads\/2023\/02\/Metaltex_Ambiente-2023_02-600x426.jpg 600w, https:\/\/www.metaltex.com\/wp-content\/uploads\/2023\/02\/Metaltex_Ambiente-2023_02-800x568.jpg 800w, https:\/\/www.metaltex.com\/wp-content\/uploads\/2023\/02\/Metaltex_Ambiente-2023_02.jpg 1000w\" sizes=\"(max-width: 1024px) 100vw, (max-width: 640px) 100vw, 800px\" \/><\/span><\/div><\/div><\/div><div class=\"fusion-layout-column fusion_builder_column fusion-builder-column-1 fusion_builder_column_1_2 1_2 fusion-flex-column\" style=\"--awb-bg-size:cover;--awb-width-large:50%;--awb-margin-top-large:0px;--awb-spacing-right-large:3.84%;--awb-margin-bottom-large:0px;--awb-spacing-left-large:3.84%;--awb-width-medium:100%;--awb-order-medium:0;--awb-spacing-right-medium:1.92%;--awb-spacing-left-medium:1.92%;--awb-width-small:100%;--awb-order-small:0;--awb-spacing-right-small:1.92%;--awb-spacing-left-small:1.92%;\"><div class=\"fusion-column-wrapper fusion-column-has-shadow fusion-flex-justify-content-flex-start fusion-content-layout-column\"><div class=\"fusion-text fusion-text-1 fusion-text-no-margin\" style=\"--awb-font-size:27px;--awb-line-height:1.2;--awb-text-transform:none;--awb-margin-bottom:30px;--awb-text-font-family:&quot;Lexend&quot;;--awb-text-font-style:normal;--awb-text-font-weight:400;\"><p>Metaltex pr\u00e9sente des solutions de rangement innovantes \u00e0 la foire Ambiente<\/p>\n<\/div><div class=\"fusion-text fusion-text-2\" style=\"--awb-text-transform:none;\"><p><strong>Metaltex<\/strong> a fait un retour triomphal \u00e0 la foire internationale Ambiente de Francfort apr\u00e8s une pause de deux ans due \u00e0 la pand\u00e9mie. Situ\u00e9 dans le hall 9.1, notre stand \u00e9tait anim\u00e9 par des clients r\u00e9guliers et de nouveaux visiteurs d\u00e9sireux de d\u00e9couvrir les derni\u00e8res offres de la soci\u00e9t\u00e9.<\/p>\n<p>Les projecteurs \u00e9taient braqu\u00e9s sur les nouvelles lignes de produits de <strong>Metaltex<\/strong> pour le rangement et l&rsquo;organisation, en particulier deux gammes recouvertes du rev\u00eatement exclusif <strong>Touch-Therm<\/strong> NOIR de la soci\u00e9t\u00e9. <strong>Tokyo LAVA<\/strong>, qui comprend neuf articles sp\u00e9cialement con\u00e7us pour \u00eatre utilis\u00e9s sur le plan de travail de la cuisine et la table \u00e0 manger, a \u00e9t\u00e9 lanc\u00e9.<\/p>\n<p>Parall\u00e8lement, <strong>Origin LAVA<\/strong> a \u00e9t\u00e9 introduit avec plusieurs nouveaux accessoires astucieux pour le rangement des produits d&rsquo;hygi\u00e8ne \u00e0 l&rsquo;int\u00e9rieur de la douche.<\/p>\n<p>Un autre point fort a \u00e9t\u00e9 l&rsquo;introduction de la nouvelle ligne de rangement textile <strong>\u00c8co-Zone<\/strong>, cette gamme fabriqu\u00e9e en 100 % en coton certifi\u00e9, garantie par l&rsquo;OEKO-TEX\u00ae STANDARD 100, est con\u00e7ue pour remplir de multiples fonctions de rangement, de transport, d&rsquo;organisation et de d\u00e9coration. <strong>Metalte<\/strong>x a \u00e9galement lanc\u00e9 une large gamme de <strong>planches \u00e0 d\u00e9couper<\/strong> en bois de h\u00eatre et d&rsquo;acacia certifi\u00e9s FSC\u00ae, ainsi qu&rsquo;une autre de nos derni\u00e8res cr\u00e9ations, <strong>Bready<\/strong> \u2013 une bo\u00eete \u00e0 pain avec un couvercle en bois double face pour couper le pain et le servir.<\/p>\n<p>L&rsquo;\u00e9quipe de <strong>Metaltex<\/strong> a \u00e9t\u00e9 ravie d&rsquo;assister ses clients enthousiastes et se r\u00e9jouit de les revoir lors du prochain salon, pr\u00e9vu du 26 au 30 janvier 2024<\/p>\n<\/div><\/div><\/div><\/div><\/div>\n","protected":false},"excerpt":{"rendered":"<p>Metaltex a fait un retour triomphal \u00e0 la foire internationale Ambiente de Francfort apr\u00e8s une pause de deux ans due \u00e0 la pand\u00e9mie. Situ\u00e9 dans le hall 9.1, notre stand \u00e9tait anim\u00e9 par des clients r\u00e9guliers et de nouveaux visiteurs d\u00e9sireux de d\u00e9couvrir les derni\u00e8res offres de la soci\u00e9t\u00e9. Les projecteurs \u00e9taient braqu\u00e9s sur les nouvelles lignes de produits de Metaltex pour le rangement et l&rsquo;organisation, en particulier deux gammes recouvertes du rev\u00eatement exclusif Touch-Therm NOIR de la soci\u00e9t\u00e9. Tokyo LAVA, qui comprend&#8230;<\/p>\n","protected":false},"author":4,"featured_media":47751,"comment_status":"closed","ping_status":"closed","sticky":false,"template":"","format":"standard","meta":{"footnotes":""},"categories":[956,682,221],"tags":[425,502,181],"class_list":["post-47779","post","type-post","status-publish","format-standard","has-post-thumbnail","hentry","category-2023-fr","category-germany-fr","category-posts-fr","tag-ambiente-fr","tag-international-fair-fr","tag-metaltex-germany-fr"],"_links":{"self":[{"href":"https:\/\/www.metaltex.com\/fr\/wp-json\/wp\/v2\/posts\/47779","targetHints":{"allow":["GET"]}}],"collection":[{"href":"https:\/\/www.metaltex.com\/fr\/wp-json\/wp\/v2\/posts"}],"about":[{"href":"https:\/\/www.metaltex.com\/fr\/wp-json\/wp\/v2\/types\/post"}],"author":[{"embeddable":true,"href":"https:\/\/www.metaltex.com\/fr\/wp-json\/wp\/v2\/users\/4"}],"replies":[{"embeddable":true,"href":"https:\/\/www.metaltex.com\/fr\/wp-json\/wp\/v2\/comments?post=47779"}],"version-history":[{"count":0,"href":"https:\/\/www.metaltex.com\/fr\/wp-json\/wp\/v2\/posts\/47779\/revisions"}],"wp:featuredmedia":[{"embeddable":true,"href":"https:\/\/www.metaltex.com\/fr\/wp-json\/wp\/v2\/media\/47751"}],"wp:attachment":[{"href":"https:\/\/www.metaltex.com\/fr\/wp-json\/wp\/v2\/media?parent=47779"}],"wp:term":[{"taxonomy":"category","embeddable":true,"href":"https:\/\/www.metaltex.com\/fr\/wp-json\/wp\/v2\/categories?post=47779"},{"taxonomy":"post_tag","embeddable":true,"href":"https:\/\/www.metaltex.com\/fr\/wp-json\/wp\/v2\/tags?post=47779"}],"curies":[{"name":"wp","href":"https:\/\/api.w.org\/{rel}","templated":true}]}}