{"id":33299,"date":"2013-06-26T15:02:08","date_gmt":"2013-06-26T13:02:08","guid":{"rendered":"https:\/\/www.metaltex.com\/?p=33299"},"modified":"2022-08-22T15:06:09","modified_gmt":"2022-08-22T13:06:09","slug":"indiaca-swiss-championship","status":"publish","type":"post","link":"https:\/\/www.metaltex.com\/fr\/indiaca-swiss-championship\/","title":{"rendered":"Le championnat Suisse d\u2019Indiaca"},"content":{"rendered":"<div class=\"fusion-fullwidth fullwidth-box fusion-builder-row-1 fusion-flex-container nonhundred-percent-fullwidth non-hundred-percent-height-scrolling\" style=\"--awb-border-radius-top-left:0px;--awb-border-radius-top-right:0px;--awb-border-radius-bottom-right:0px;--awb-border-radius-bottom-left:0px;--awb-flex-wrap:wrap;\" ><div class=\"fusion-builder-row fusion-row fusion-flex-align-items-flex-start fusion-flex-content-wrap\" style=\"max-width:1352px;margin-left: calc(-4% \/ 2 );margin-right: calc(-4% \/ 2 );\"><div class=\"fusion-layout-column fusion_builder_column fusion-builder-column-0 fusion_builder_column_1_1 1_1 fusion-flex-column\" style=\"--awb-bg-size:cover;--awb-width-large:100%;--awb-margin-top-large:0px;--awb-spacing-right-large:1.92%;--awb-margin-bottom-large:0px;--awb-spacing-left-large:1.92%;--awb-width-medium:100%;--awb-order-medium:0;--awb-spacing-right-medium:1.92%;--awb-spacing-left-medium:1.92%;--awb-width-small:100%;--awb-order-small:0;--awb-spacing-right-small:1.92%;--awb-spacing-left-small:1.92%;\"><div class=\"fusion-column-wrapper fusion-column-has-shadow fusion-flex-justify-content-flex-start fusion-content-layout-column\"><\/div><\/div><div class=\"fusion-layout-column fusion_builder_column fusion-builder-column-1 fusion_builder_column_1_2 1_2 fusion-flex-column\" style=\"--awb-padding-top:0px;--awb-padding-bottom:5%;--awb-bg-size:cover;--awb-width-large:50%;--awb-margin-top-large:0px;--awb-spacing-right-large:3.84%;--awb-margin-bottom-large:35px;--awb-spacing-left-large:3.84%;--awb-width-medium:100%;--awb-order-medium:0;--awb-spacing-right-medium:1.92%;--awb-spacing-left-medium:1.92%;--awb-width-small:100%;--awb-order-small:0;--awb-spacing-right-small:1.92%;--awb-spacing-left-small:1.92%;\"><div class=\"fusion-column-wrapper fusion-column-has-shadow fusion-flex-justify-content-flex-start fusion-content-layout-column\"><div class=\"fusion-image-element \" style=\"--awb-margin-top:0px;--awb-caption-title-font-family:var(--h2_typography-font-family);--awb-caption-title-font-weight:var(--h2_typography-font-weight);--awb-caption-title-font-style:var(--h2_typography-font-style);--awb-caption-title-size:var(--h2_typography-font-size);--awb-caption-title-transform:var(--h2_typography-text-transform);--awb-caption-title-line-height:var(--h2_typography-line-height);--awb-caption-title-letter-spacing:var(--h2_typography-letter-spacing);\"><span class=\" fusion-imageframe imageframe-none imageframe-1 hover-type-none\"><a href=\"https:\/\/www.metaltex.com\/wp-content\/uploads\/2022\/08\/ok_Indiaca_Cristina_Andrea.jpg\" class=\"fusion-lightbox\" data-rel=\"iLightbox[c769e49da12dd8a156e]\" data-caption=\"Samedan-(GR), 1-2 June 2013. Once again our colleagues from Metaltex in Switzerland win the national Swiss Championship of Indiaca. Cristina Fontana with the female team, for the sixth consecutive year gets the gold medal, achieving a new national record for this sport. Cristina together with Andrea Vita win the silver medal in the mixed category.\n\nSwitzerland: 75th Swiss Federal Gymnastics Festival 2013\nBienne-(BE), 13-23 June 2013. One of the few sport events that can attract more than 100,000 spectators is the Swiss Federal Gymnastic Festival. This event of great importance and tradition was attended this year by 60,000 athlets, including our Indiaca national champion Cristina Fontana, who once again get back into the groove of wining with two more medals: gold with the female team and silver with the mixed team.\n\nBravo for our athlets!\n\" data-title=\"ok_Indiaca_Cristina_Andrea\" title=\"ok_Indiaca_Cristina_Andrea\"><img decoding=\"async\" width=\"1000\" height=\"1000\" src=\"https:\/\/www.metaltex.com\/wp-content\/uploads\/2022\/08\/ok_Indiaca_Cristina_Andrea.jpg\" alt class=\"img-responsive wp-image-33309\" srcset=\"https:\/\/www.metaltex.com\/wp-content\/uploads\/2022\/08\/ok_Indiaca_Cristina_Andrea-200x200.jpg 200w, https:\/\/www.metaltex.com\/wp-content\/uploads\/2022\/08\/ok_Indiaca_Cristina_Andrea-400x400.jpg 400w, https:\/\/www.metaltex.com\/wp-content\/uploads\/2022\/08\/ok_Indiaca_Cristina_Andrea-600x600.jpg 600w, https:\/\/www.metaltex.com\/wp-content\/uploads\/2022\/08\/ok_Indiaca_Cristina_Andrea-800x800.jpg 800w, https:\/\/www.metaltex.com\/wp-content\/uploads\/2022\/08\/ok_Indiaca_Cristina_Andrea.jpg 1000w\" sizes=\"(max-width: 1024px) 100vw, (max-width: 640px) 100vw, 800px\" \/><\/a><\/span><\/div><\/div><\/div><div class=\"fusion-layout-column fusion_builder_column fusion-builder-column-2 fusion_builder_column_1_2 1_2 fusion-flex-column\" style=\"--awb-bg-size:cover;--awb-width-large:50%;--awb-margin-top-large:0px;--awb-spacing-right-large:3.84%;--awb-margin-bottom-large:0px;--awb-spacing-left-large:3.84%;--awb-width-medium:100%;--awb-order-medium:0;--awb-spacing-right-medium:1.92%;--awb-spacing-left-medium:1.92%;--awb-width-small:100%;--awb-order-small:0;--awb-spacing-right-small:1.92%;--awb-spacing-left-small:1.92%;\"><div class=\"fusion-column-wrapper fusion-column-has-shadow fusion-flex-justify-content-flex-start fusion-content-layout-column\"><div class=\"fusion-text fusion-text-1\" style=\"--awb-text-transform:none;\"><div>\n<p><span lang=\"FR\">Samedan \u2013(GR), le 1er et 2 juin 2013. <\/span><span lang=\"EN-US\">Une fois encore un de nos coll\u00e8gues Metaltex en Suisse a gagn\u00e9 le championnat Suisse d\u2019Indiaca. <\/span><span lang=\"FR\">Cristina Fontana avec l\u2019\u00e9quipe f\u00e9minine, pour la sixi\u00e8me ann\u00e9e cons\u00e9cutive, remporte la m\u00e9daille d\u2019or, atteignant ainsi un nouveau record national pour ce sport. Christina en \u00e9quipe avec Andrea Vita gagnent la m\u00e9daille d\u2019argent dans la cat\u00e9gorie mixte.<\/span><\/p>\n<\/div>\n<div>\n<p><span lang=\"FR\">\u00a0<\/span><\/p>\n<\/div>\n<div>\n<p><span lang=\"FR\">Suisse : 75i\u00e8me festival de gymnastique 2013<\/span><\/p>\n<\/div>\n<div>\n<p><span lang=\"FR\">Bienne \u2013(BE), du 13 au 23 juin. Un des rares \u00e9v\u00e8nements sportifs qui peut se vanter de r\u00e9unir plus de 100\u2019000 spectateurs est le festival de gymnastique Suisse. Cet \u00e9v\u00e8nement traditionnel de grande importance a r\u00e9uni 60\u2019000 participants, incluant notre championne d\u2019Indiaca Critina Fontana, qui, une fois de plus, remporte 2 autres m\u00e9dailles : l\u2019or pour l\u2019\u00e9quipe f\u00e9minine et l\u2019argent pour l\u2019\u00e9quipe mixte.<\/span><\/p>\n<\/div>\n<\/div><\/div><\/div><\/div><\/div>\n","protected":false},"excerpt":{"rendered":"<p>Samedan \u2013(GR), le 1er et 2 juin 2013. Une fois encore un de nos coll\u00e8gues Metaltex en Suisse a gagn\u00e9 le championnat Suisse d\u2019Indiaca. Cristina Fontana avec l\u2019\u00e9quipe f\u00e9minine, pour la sixi\u00e8me ann\u00e9e cons\u00e9cutive, remporte la m\u00e9daille d\u2019or, atteignant ainsi un nouveau record national pour ce sport. Christina en \u00e9quipe avec Andrea Vita gagnent la m\u00e9daille d\u2019argent dans&#8230;<\/p>\n","protected":false},"author":4,"featured_media":33309,"comment_status":"closed","ping_status":"closed","sticky":false,"template":"","format":"standard","meta":{"footnotes":""},"categories":[604,221,676],"tags":[769],"class_list":["post-33299","post","type-post","status-publish","format-standard","has-post-thumbnail","hentry","category-2013-fr","category-posts-fr","category-switzerland-fr","tag-indiaca-fr"],"_links":{"self":[{"href":"https:\/\/www.metaltex.com\/fr\/wp-json\/wp\/v2\/posts\/33299","targetHints":{"allow":["GET"]}}],"collection":[{"href":"https:\/\/www.metaltex.com\/fr\/wp-json\/wp\/v2\/posts"}],"about":[{"href":"https:\/\/www.metaltex.com\/fr\/wp-json\/wp\/v2\/types\/post"}],"author":[{"embeddable":true,"href":"https:\/\/www.metaltex.com\/fr\/wp-json\/wp\/v2\/users\/4"}],"replies":[{"embeddable":true,"href":"https:\/\/www.metaltex.com\/fr\/wp-json\/wp\/v2\/comments?post=33299"}],"version-history":[{"count":0,"href":"https:\/\/www.metaltex.com\/fr\/wp-json\/wp\/v2\/posts\/33299\/revisions"}],"wp:featuredmedia":[{"embeddable":true,"href":"https:\/\/www.metaltex.com\/fr\/wp-json\/wp\/v2\/media\/33309"}],"wp:attachment":[{"href":"https:\/\/www.metaltex.com\/fr\/wp-json\/wp\/v2\/media?parent=33299"}],"wp:term":[{"taxonomy":"category","embeddable":true,"href":"https:\/\/www.metaltex.com\/fr\/wp-json\/wp\/v2\/categories?post=33299"},{"taxonomy":"post_tag","embeddable":true,"href":"https:\/\/www.metaltex.com\/fr\/wp-json\/wp\/v2\/tags?post=33299"}],"curies":[{"name":"wp","href":"https:\/\/api.w.org\/{rel}","templated":true}]}}