{"id":30919,"date":"2019-11-07T13:12:08","date_gmt":"2019-11-07T12:12:08","guid":{"rendered":"https:\/\/www.metaltex.com\/?p=30919"},"modified":"2022-07-11T16:51:55","modified_gmt":"2022-07-11T14:51:55","slug":"ivo-kahanek-au-mexique","status":"publish","type":"post","link":"https:\/\/www.metaltex.com\/fr\/ivo-kahanek-au-mexique\/","title":{"rendered":"Ivo Kah\u00e1nek apporte le \u00abc\u0153ur de l\u2019Europe\u00bb au Mexique"},"content":{"rendered":"<div class=\"fusion-fullwidth fullwidth-box fusion-builder-row-1 fusion-flex-container nonhundred-percent-fullwidth non-hundred-percent-height-scrolling\" style=\"--awb-border-radius-top-left:0px;--awb-border-radius-top-right:0px;--awb-border-radius-bottom-right:0px;--awb-border-radius-bottom-left:0px;--awb-flex-wrap:wrap;\" ><div class=\"fusion-builder-row fusion-row fusion-flex-align-items-flex-start fusion-flex-content-wrap\" style=\"max-width:1352px;margin-left: calc(-4% \/ 2 );margin-right: calc(-4% \/ 2 );\"><div class=\"fusion-layout-column fusion_builder_column fusion-builder-column-0 fusion_builder_column_1_1 1_1 fusion-flex-column\" style=\"--awb-bg-size:cover;--awb-width-large:100%;--awb-margin-top-large:0px;--awb-spacing-right-large:1.92%;--awb-margin-bottom-large:0px;--awb-spacing-left-large:1.92%;--awb-width-medium:100%;--awb-order-medium:0;--awb-spacing-right-medium:1.92%;--awb-spacing-left-medium:1.92%;--awb-width-small:100%;--awb-order-small:0;--awb-spacing-right-small:1.92%;--awb-spacing-left-small:1.92%;\"><div class=\"fusion-column-wrapper fusion-column-has-shadow fusion-flex-justify-content-flex-start fusion-content-layout-column\"><\/div><\/div><div class=\"fusion-layout-column fusion_builder_column fusion-builder-column-1 fusion_builder_column_1_2 1_2 fusion-flex-column\" style=\"--awb-padding-top:0px;--awb-padding-bottom:5%;--awb-bg-size:cover;--awb-width-large:50%;--awb-margin-top-large:0px;--awb-spacing-right-large:3.84%;--awb-margin-bottom-large:35px;--awb-spacing-left-large:3.84%;--awb-width-medium:100%;--awb-order-medium:0;--awb-spacing-right-medium:1.92%;--awb-spacing-left-medium:1.92%;--awb-width-small:100%;--awb-order-small:0;--awb-spacing-right-small:1.92%;--awb-spacing-left-small:1.92%;\"><div class=\"fusion-column-wrapper fusion-column-has-shadow fusion-flex-justify-content-flex-start fusion-content-layout-column\"><div class=\"fusion-image-element \" style=\"--awb-margin-top:0px;--awb-caption-title-font-family:var(--h2_typography-font-family);--awb-caption-title-font-weight:var(--h2_typography-font-weight);--awb-caption-title-font-style:var(--h2_typography-font-style);--awb-caption-title-size:var(--h2_typography-font-size);--awb-caption-title-transform:var(--h2_typography-text-transform);--awb-caption-title-line-height:var(--h2_typography-line-height);--awb-caption-title-letter-spacing:var(--h2_typography-letter-spacing);\"><span class=\" fusion-imageframe imageframe-none imageframe-1 hover-type-none\"><a href=\"https:\/\/www.metaltex.com\/wp-content\/uploads\/2022\/06\/ok_Ivo-Kahanek-1.jpg\" class=\"fusion-lightbox\" data-rel=\"iLightbox[5837e8b0fc95d2d278d]\" data-caption=\"Ivo Kah\u00e1nek in Mexico\" data-title=\"ok_Ivo Kahanek 1\" title=\"ok_Ivo Kahanek 1\"><img decoding=\"async\" width=\"1000\" height=\"1000\" src=\"https:\/\/www.metaltex.com\/wp-content\/uploads\/2022\/06\/ok_Ivo-Kahanek-1.jpg\" alt class=\"img-responsive wp-image-30929\" srcset=\"https:\/\/www.metaltex.com\/wp-content\/uploads\/2022\/06\/ok_Ivo-Kahanek-1-200x200.jpg 200w, https:\/\/www.metaltex.com\/wp-content\/uploads\/2022\/06\/ok_Ivo-Kahanek-1-400x400.jpg 400w, https:\/\/www.metaltex.com\/wp-content\/uploads\/2022\/06\/ok_Ivo-Kahanek-1-600x600.jpg 600w, https:\/\/www.metaltex.com\/wp-content\/uploads\/2022\/06\/ok_Ivo-Kahanek-1-800x800.jpg 800w, https:\/\/www.metaltex.com\/wp-content\/uploads\/2022\/06\/ok_Ivo-Kahanek-1.jpg 1000w\" sizes=\"(max-width: 1024px) 100vw, (max-width: 640px) 100vw, 800px\" \/><\/a><\/span><\/div><div class=\"fusion-image-element \" style=\"--awb-margin-top:30px;--awb-caption-title-font-family:var(--h2_typography-font-family);--awb-caption-title-font-weight:var(--h2_typography-font-weight);--awb-caption-title-font-style:var(--h2_typography-font-style);--awb-caption-title-size:var(--h2_typography-font-size);--awb-caption-title-transform:var(--h2_typography-text-transform);--awb-caption-title-line-height:var(--h2_typography-line-height);--awb-caption-title-letter-spacing:var(--h2_typography-letter-spacing);\"><span class=\" fusion-imageframe imageframe-none imageframe-2 hover-type-none\"><img decoding=\"async\" width=\"3200\" height=\"1690\" title=\"ok_Ivo Kahanek 2\" src=\"https:\/\/www.metaltex.com\/wp-content\/uploads\/2022\/06\/ok_Ivo-Kahanek-2-scaled.jpg\" alt class=\"img-responsive wp-image-30935\" srcset=\"https:\/\/www.metaltex.com\/wp-content\/uploads\/2022\/06\/ok_Ivo-Kahanek-2-200x106.jpg 200w, https:\/\/www.metaltex.com\/wp-content\/uploads\/2022\/06\/ok_Ivo-Kahanek-2-400x211.jpg 400w, https:\/\/www.metaltex.com\/wp-content\/uploads\/2022\/06\/ok_Ivo-Kahanek-2-600x317.jpg 600w, https:\/\/www.metaltex.com\/wp-content\/uploads\/2022\/06\/ok_Ivo-Kahanek-2-800x422.jpg 800w, https:\/\/www.metaltex.com\/wp-content\/uploads\/2022\/06\/ok_Ivo-Kahanek-2-1200x634.jpg 1200w, https:\/\/www.metaltex.com\/wp-content\/uploads\/2022\/06\/ok_Ivo-Kahanek-2-scaled.jpg 3200w\" sizes=\"(max-width: 1024px) 100vw, (max-width: 640px) 100vw, 800px\" \/><\/span><\/div><\/div><\/div><div class=\"fusion-layout-column fusion_builder_column fusion-builder-column-2 fusion_builder_column_1_2 1_2 fusion-flex-column\" style=\"--awb-bg-size:cover;--awb-width-large:50%;--awb-margin-top-large:0px;--awb-spacing-right-large:3.84%;--awb-margin-bottom-large:0px;--awb-spacing-left-large:3.84%;--awb-width-medium:100%;--awb-order-medium:0;--awb-spacing-right-medium:1.92%;--awb-spacing-left-medium:1.92%;--awb-width-small:100%;--awb-order-small:0;--awb-spacing-right-small:1.92%;--awb-spacing-left-small:1.92%;\"><div class=\"fusion-column-wrapper fusion-column-has-shadow fusion-flex-justify-content-flex-start fusion-content-layout-column\"><div class=\"fusion-text fusion-text-1\" style=\"--awb-text-transform:none;\"><p>Le r\u00e9cital intitul\u00e9 \u201cDesde el Coraz\u00f3n de Europa\u201d en espagnol, organis\u00e9 par le Conseil de la culture et des arts de Nuevo Le\u00f3n (CONARTE), gr\u00e2ce au parrainage de METALTEX MEXICO et au soutien de l\u2019ambassade tch\u00e8que am\u00e8ne le pianiste Ivo Kah\u00e1nek (1979) \u00e0 se produire pour la premi\u00e8re fois au Mexique.<\/p>\n<p>Le 22 octobre, le grand pianiste tch\u00e8que a enchant\u00e9 le public de Monterrey (Mexique) de son immense talent au Th\u00e9\u00e2tre \u00abCentro de las Artes\u00bb. Au cours du r\u00e9cital, des \u0153uvres de compositeurs classiques tels que Chopin et Beethoven ont \u00e9t\u00e9 entendues, de m\u00eame que certaines \u0153uvres de grands compositeurs tch\u00e8ques tels que Jan\u00e1cek et Smetana.<\/p>\n<p>Kah\u00e1nek est d\u00e9crit par les experts comme un musicien d\u2019une puissance \u00e9motionnelle, d\u2019une expressivit\u00e9 et d\u2019une profondeur consid\u00e9rables, et est aujourd\u2019hui consid\u00e9r\u00e9 comme le meilleur pianiste de la R\u00e9publique tch\u00e8que. Il a \u00e9tudi\u00e9 avec Ivan Klansky. En 2004, il a remport\u00e9 le concours international de musique d\u2019\u00e9t\u00e9 de Prague. Apr\u00e8s ses d\u00e9buts r\u00e9ussis, il a \u00e9t\u00e9 invit\u00e9 \u00e0 se produire avec diff\u00e9rents orchestres symphoniques, dont le BBC Symphony Orchestra, pour lequel il a particip\u00e9 qu sein de The Proms (Londres), du Czech Philharmonic Orchestra et duWDR Orchestra \u00e0 Cologne (Allemagne). Il a enregistr\u00e9 14 albums pour le label principal tch\u00e8que, Supraphon, et obtenu des critiques extraordinaires de magazines de musique prestigieux tels que Diapson d\u2019Or, MusicWeb International, Choix de classique HD, et bien d\u2019autres.<\/p>\n<\/div><div class=\"fusion-image-element \" style=\"--awb-margin-top:160px;--awb-caption-title-font-family:var(--h2_typography-font-family);--awb-caption-title-font-weight:var(--h2_typography-font-weight);--awb-caption-title-font-style:var(--h2_typography-font-style);--awb-caption-title-size:var(--h2_typography-font-size);--awb-caption-title-transform:var(--h2_typography-text-transform);--awb-caption-title-line-height:var(--h2_typography-line-height);--awb-caption-title-letter-spacing:var(--h2_typography-letter-spacing);\"><span class=\" fusion-imageframe imageframe-none imageframe-3 hover-type-none\"><img decoding=\"async\" width=\"1000\" height=\"417\" title=\"ok_Ivo Kahanek 3\" src=\"https:\/\/www.metaltex.com\/wp-content\/uploads\/2022\/06\/ok_Ivo-Kahanek-3.jpg\" alt class=\"img-responsive wp-image-30941\" srcset=\"https:\/\/www.metaltex.com\/wp-content\/uploads\/2022\/06\/ok_Ivo-Kahanek-3-200x83.jpg 200w, https:\/\/www.metaltex.com\/wp-content\/uploads\/2022\/06\/ok_Ivo-Kahanek-3-400x167.jpg 400w, https:\/\/www.metaltex.com\/wp-content\/uploads\/2022\/06\/ok_Ivo-Kahanek-3-600x250.jpg 600w, https:\/\/www.metaltex.com\/wp-content\/uploads\/2022\/06\/ok_Ivo-Kahanek-3-800x334.jpg 800w, https:\/\/www.metaltex.com\/wp-content\/uploads\/2022\/06\/ok_Ivo-Kahanek-3.jpg 1000w\" sizes=\"(max-width: 1024px) 100vw, (max-width: 640px) 100vw, 800px\" \/><\/span><\/div><\/div><\/div><\/div><\/div>\n","protected":false},"excerpt":{"rendered":"<p>Le r\u00e9cital intitul\u00e9 \u201cDesde el Coraz\u00f3n de Europa\u201d en espagnol, organis\u00e9 par le Conseil de la culture et des arts de Nuevo Le\u00f3n (CONARTE), gr\u00e2ce au parrainage de METALTEX MEXICO et au soutien de l\u2019ambassade tch\u00e8que am\u00e8ne le pianiste Ivo Kah\u00e1nek (1979) \u00e0 se produire pour la premi\u00e8re fois au Mexique&#8230;<\/p>\n","protected":false},"author":4,"featured_media":30952,"comment_status":"closed","ping_status":"closed","sticky":false,"template":"","format":"standard","meta":{"footnotes":""},"categories":[327,688,221],"tags":[448,531,532],"class_list":["post-30919","post","type-post","status-publish","format-standard","has-post-thumbnail","hentry","category-2019-fr","category-mexico-fr","category-posts-fr","tag-metaltex-mexico-fr","tag-mexico-fr","tag-monterrey-fr"],"_links":{"self":[{"href":"https:\/\/www.metaltex.com\/fr\/wp-json\/wp\/v2\/posts\/30919","targetHints":{"allow":["GET"]}}],"collection":[{"href":"https:\/\/www.metaltex.com\/fr\/wp-json\/wp\/v2\/posts"}],"about":[{"href":"https:\/\/www.metaltex.com\/fr\/wp-json\/wp\/v2\/types\/post"}],"author":[{"embeddable":true,"href":"https:\/\/www.metaltex.com\/fr\/wp-json\/wp\/v2\/users\/4"}],"replies":[{"embeddable":true,"href":"https:\/\/www.metaltex.com\/fr\/wp-json\/wp\/v2\/comments?post=30919"}],"version-history":[{"count":0,"href":"https:\/\/www.metaltex.com\/fr\/wp-json\/wp\/v2\/posts\/30919\/revisions"}],"wp:featuredmedia":[{"embeddable":true,"href":"https:\/\/www.metaltex.com\/fr\/wp-json\/wp\/v2\/media\/30952"}],"wp:attachment":[{"href":"https:\/\/www.metaltex.com\/fr\/wp-json\/wp\/v2\/media?parent=30919"}],"wp:term":[{"taxonomy":"category","embeddable":true,"href":"https:\/\/www.metaltex.com\/fr\/wp-json\/wp\/v2\/categories?post=30919"},{"taxonomy":"post_tag","embeddable":true,"href":"https:\/\/www.metaltex.com\/fr\/wp-json\/wp\/v2\/tags?post=30919"}],"curies":[{"name":"wp","href":"https:\/\/api.w.org\/{rel}","templated":true}]}}