{"id":28993,"date":"2020-02-18T10:07:58","date_gmt":"2020-02-18T09:07:58","guid":{"rendered":"https:\/\/www.metaltex.com\/?p=28993"},"modified":"2022-07-11T16:03:16","modified_gmt":"2022-07-11T14:03:16","slug":"special-olympics-liechtenstein","status":"publish","type":"post","link":"https:\/\/www.metaltex.com\/fr\/special-olympics-liechtenstein\/","title":{"rendered":"Special Olympics Liechtenstein"},"content":{"rendered":"<div class=\"fusion-fullwidth fullwidth-box fusion-builder-row-1 fusion-flex-container nonhundred-percent-fullwidth non-hundred-percent-height-scrolling\" style=\"--awb-border-radius-top-left:0px;--awb-border-radius-top-right:0px;--awb-border-radius-bottom-right:0px;--awb-border-radius-bottom-left:0px;--awb-flex-wrap:wrap;\" ><div class=\"fusion-builder-row fusion-row fusion-flex-align-items-flex-start fusion-flex-content-wrap\" style=\"max-width:1352px;margin-left: calc(-4% \/ 2 );margin-right: calc(-4% \/ 2 );\"><div class=\"fusion-layout-column fusion_builder_column fusion-builder-column-0 fusion_builder_column_1_1 1_1 fusion-flex-column\" style=\"--awb-bg-size:cover;--awb-width-large:100%;--awb-margin-top-large:0px;--awb-spacing-right-large:1.92%;--awb-margin-bottom-large:0px;--awb-spacing-left-large:1.92%;--awb-width-medium:100%;--awb-order-medium:0;--awb-spacing-right-medium:1.92%;--awb-spacing-left-medium:1.92%;--awb-width-small:100%;--awb-order-small:0;--awb-spacing-right-small:1.92%;--awb-spacing-left-small:1.92%;\"><div class=\"fusion-column-wrapper fusion-column-has-shadow fusion-flex-justify-content-flex-start fusion-content-layout-column\"><\/div><\/div><div class=\"fusion-layout-column fusion_builder_column fusion-builder-column-1 fusion_builder_column_1_2 1_2 fusion-flex-column\" style=\"--awb-padding-top:0px;--awb-padding-bottom:5%;--awb-bg-size:cover;--awb-width-large:50%;--awb-margin-top-large:0px;--awb-spacing-right-large:3.84%;--awb-margin-bottom-large:35px;--awb-spacing-left-large:3.84%;--awb-width-medium:100%;--awb-order-medium:0;--awb-spacing-right-medium:1.92%;--awb-spacing-left-medium:1.92%;--awb-width-small:100%;--awb-order-small:0;--awb-spacing-right-small:1.92%;--awb-spacing-left-small:1.92%;\"><div class=\"fusion-column-wrapper fusion-column-has-shadow fusion-flex-justify-content-flex-start fusion-content-layout-column\"><div class=\"fusion-image-element \" style=\"--awb-margin-top:0px;--awb-caption-title-font-family:var(--h2_typography-font-family);--awb-caption-title-font-weight:var(--h2_typography-font-weight);--awb-caption-title-font-style:var(--h2_typography-font-style);--awb-caption-title-size:var(--h2_typography-font-size);--awb-caption-title-transform:var(--h2_typography-text-transform);--awb-caption-title-line-height:var(--h2_typography-line-height);--awb-caption-title-letter-spacing:var(--h2_typography-letter-spacing);\"><span class=\" fusion-imageframe imageframe-none imageframe-1 hover-type-none\"><a href=\"https:\/\/www.metaltex.com\/wp-content\/uploads\/2020\/02\/ok_Special_Olympics-2020.jpg\" class=\"fusion-lightbox\" data-rel=\"iLightbox[a8013741c226c532ccb]\" data-caption=\"The Alpine Ski Team of the Georg Wimmer School\" data-title=\"ok_Special_Olympics 2020\" title=\"ok_Special_Olympics 2020\"><img decoding=\"async\" width=\"1168\" height=\"1168\" src=\"https:\/\/www.metaltex.com\/wp-content\/uploads\/2020\/02\/ok_Special_Olympics-2020.jpg\" alt class=\"img-responsive wp-image-29009\" srcset=\"https:\/\/www.metaltex.com\/wp-content\/uploads\/2020\/02\/ok_Special_Olympics-2020-200x200.jpg 200w, https:\/\/www.metaltex.com\/wp-content\/uploads\/2020\/02\/ok_Special_Olympics-2020-400x400.jpg 400w, https:\/\/www.metaltex.com\/wp-content\/uploads\/2020\/02\/ok_Special_Olympics-2020-600x600.jpg 600w, https:\/\/www.metaltex.com\/wp-content\/uploads\/2020\/02\/ok_Special_Olympics-2020-800x800.jpg 800w, https:\/\/www.metaltex.com\/wp-content\/uploads\/2020\/02\/ok_Special_Olympics-2020.jpg 1168w\" sizes=\"(max-width: 1024px) 100vw, (max-width: 640px) 100vw, 800px\" \/><\/a><\/span><\/div><\/div><\/div><div class=\"fusion-layout-column fusion_builder_column fusion-builder-column-2 fusion_builder_column_1_2 1_2 fusion-flex-column\" style=\"--awb-bg-size:cover;--awb-width-large:50%;--awb-margin-top-large:0px;--awb-spacing-right-large:3.84%;--awb-margin-bottom-large:0px;--awb-spacing-left-large:3.84%;--awb-width-medium:100%;--awb-order-medium:0;--awb-spacing-right-medium:1.92%;--awb-spacing-left-medium:1.92%;--awb-width-small:100%;--awb-order-small:0;--awb-spacing-right-small:1.92%;--awb-spacing-left-small:1.92%;\"><div class=\"fusion-column-wrapper fusion-column-has-shadow fusion-flex-justify-content-flex-start fusion-content-layout-column\"><div class=\"fusion-text fusion-text-1\" style=\"--awb-text-transform:none;\"><div>\n<p><span lang=\"FR\">Des athl\u00e8tes allemands de Lahr aux Special Olympics Liechtenstein, sponsoris\u00e9s par METALTEX.<\/span><\/p>\n<\/div>\n<div>\n<p>Du mercredi 12 f\u00e9vrier au dimanche 16 f\u00e9vrier, l\u2019\u00e9quipe de ski alpin de l\u2019\u00e9cole Georg Wimmer a particip\u00e9 aux Jeux olympiques sp\u00e9ciaux au Liechtenstein avec cinq athl\u00e8tes et trois superviseurs.<\/p>\n<\/div>\n<div>\n<p><span lang=\"FR\">Apr\u00e8s un entrainement de 2 jours sous les meilleures conditions m\u00e9t\u00e9orologiques avec de la neige, ont eu lieu les 2 premi\u00e8res courses par athl\u00e8te le samedi et le dimanche.<\/span><\/p>\n<\/div>\n<\/div><\/div><\/div><\/div><\/div>\n","protected":false},"excerpt":{"rendered":"<p>Des athl\u00e8tes allemands de Lahr aux Special Olympics Liechtenstein, sponsoris\u00e9s par METALTEX. Du mercredi 12 f\u00e9vrier au dimanche 16 f\u00e9vrier, l\u2019\u00e9quipe de ski alpin de l\u2019\u00e9cole Georg Wimmer a particip\u00e9 aux Jeux olympiques sp\u00e9ciaux au Liechtenstein avec cinq athl\u00e8tes et trois superviseurs&#8230;<\/p>\n","protected":false},"author":4,"featured_media":29009,"comment_status":"closed","ping_status":"closed","sticky":false,"template":"","format":"standard","meta":{"footnotes":""},"categories":[333,694,221],"tags":[412,182],"class_list":["post-28993","post","type-post","status-publish","format-standard","has-post-thumbnail","hentry","category-2020-fr","category-liechtenstein-fr","category-posts-fr","tag-podium-fr","tag-special-olympics-fr"],"_links":{"self":[{"href":"https:\/\/www.metaltex.com\/fr\/wp-json\/wp\/v2\/posts\/28993","targetHints":{"allow":["GET"]}}],"collection":[{"href":"https:\/\/www.metaltex.com\/fr\/wp-json\/wp\/v2\/posts"}],"about":[{"href":"https:\/\/www.metaltex.com\/fr\/wp-json\/wp\/v2\/types\/post"}],"author":[{"embeddable":true,"href":"https:\/\/www.metaltex.com\/fr\/wp-json\/wp\/v2\/users\/4"}],"replies":[{"embeddable":true,"href":"https:\/\/www.metaltex.com\/fr\/wp-json\/wp\/v2\/comments?post=28993"}],"version-history":[{"count":0,"href":"https:\/\/www.metaltex.com\/fr\/wp-json\/wp\/v2\/posts\/28993\/revisions"}],"wp:featuredmedia":[{"embeddable":true,"href":"https:\/\/www.metaltex.com\/fr\/wp-json\/wp\/v2\/media\/29009"}],"wp:attachment":[{"href":"https:\/\/www.metaltex.com\/fr\/wp-json\/wp\/v2\/media?parent=28993"}],"wp:term":[{"taxonomy":"category","embeddable":true,"href":"https:\/\/www.metaltex.com\/fr\/wp-json\/wp\/v2\/categories?post=28993"},{"taxonomy":"post_tag","embeddable":true,"href":"https:\/\/www.metaltex.com\/fr\/wp-json\/wp\/v2\/tags?post=28993"}],"curies":[{"name":"wp","href":"https:\/\/api.w.org\/{rel}","templated":true}]}}