{"id":57518,"date":"2023-05-20T10:52:32","date_gmt":"2023-05-20T08:52:32","guid":{"rendered":"https:\/\/www.metaltex.com\/marketing-meeting-2023\/"},"modified":"2023-08-31T10:54:13","modified_gmt":"2023-08-31T08:54:13","slug":"marketing-meeting-2023","status":"publish","type":"post","link":"https:\/\/www.metaltex.com\/es\/marketing-meeting-2023\/","title":{"rendered":"Marketing Meeting 2023"},"content":{"rendered":"<p><div class=\"fusion-fullwidth fullwidth-box fusion-builder-row-1 fusion-flex-container nonhundred-percent-fullwidth non-hundred-percent-height-scrolling\" style=\"--awb-border-radius-top-left:0px;--awb-border-radius-top-right:0px;--awb-border-radius-bottom-right:0px;--awb-border-radius-bottom-left:0px;--awb-padding-bottom:0px;--awb-flex-wrap:wrap;\" ><div class=\"fusion-builder-row fusion-row fusion-flex-align-items-flex-start fusion-flex-content-wrap\" style=\"max-width:1352px;margin-left: calc(-4% \/ 2 );margin-right: calc(-4% \/ 2 );\"><div class=\"fusion-layout-column fusion_builder_column fusion-builder-column-0 fusion_builder_column_1_2 1_2 fusion-flex-column fusion-flex-align-self-stretch\" style=\"--awb-padding-top:0px;--awb-padding-bottom:0%;--awb-bg-size:cover;--awb-width-large:50%;--awb-margin-top-large:0px;--awb-spacing-right-large:3.84%;--awb-margin-bottom-large:0px;--awb-spacing-left-large:3.84%;--awb-width-medium:100%;--awb-order-medium:0;--awb-spacing-right-medium:1.92%;--awb-spacing-left-medium:1.92%;--awb-width-small:100%;--awb-order-small:0;--awb-spacing-right-small:1.92%;--awb-spacing-left-small:1.92%;\" data-scroll-devices=\"small-visibility,medium-visibility,large-visibility\"><div class=\"fusion-column-wrapper fusion-column-has-shadow fusion-flex-justify-content-flex-start fusion-content-layout-column\"><div class=\"fusion-image-element \" style=\"--awb-margin-top:0px;--awb-caption-title-font-family:var(--h2_typography-font-family);--awb-caption-title-font-weight:var(--h2_typography-font-weight);--awb-caption-title-font-style:var(--h2_typography-font-style);--awb-caption-title-size:var(--h2_typography-font-size);--awb-caption-title-transform:var(--h2_typography-text-transform);--awb-caption-title-line-height:var(--h2_typography-line-height);--awb-caption-title-letter-spacing:var(--h2_typography-letter-spacing);\"><span class=\" fusion-imageframe imageframe-none imageframe-1 hover-type-none\"><a href=\"https:\/\/www.metaltex.com\/wp-content\/uploads\/2023\/05\/MM-in-Budapest_group.jpg\" class=\"fusion-lightbox\" data-rel=\"iLightbox[2143fa02cb6ad57a246]\" data-caption=\"Metaltex Marketing Meeting Budapest 2023\" data-title=\"MM-in-Budapest_group\" title=\"MM-in-Budapest_group\"><img decoding=\"async\" width=\"2000\" height=\"1500\" alt=\"Metaltex Marketing Meeting Budapest 2023\" src=\"https:\/\/www.metaltex.com\/wp-content\/uploads\/2023\/05\/MM-in-Budapest_group.jpg\" class=\"img-responsive wp-image-50256\" srcset=\"https:\/\/www.metaltex.com\/wp-content\/uploads\/2023\/05\/MM-in-Budapest_group-200x150.jpg 200w, https:\/\/www.metaltex.com\/wp-content\/uploads\/2023\/05\/MM-in-Budapest_group-400x300.jpg 400w, https:\/\/www.metaltex.com\/wp-content\/uploads\/2023\/05\/MM-in-Budapest_group-600x450.jpg 600w, https:\/\/www.metaltex.com\/wp-content\/uploads\/2023\/05\/MM-in-Budapest_group-800x600.jpg 800w, https:\/\/www.metaltex.com\/wp-content\/uploads\/2023\/05\/MM-in-Budapest_group-1200x900.jpg 1200w, https:\/\/www.metaltex.com\/wp-content\/uploads\/2023\/05\/MM-in-Budapest_group.jpg 2000w\" sizes=\"(max-width: 1024px) 100vw, (max-width: 640px) 100vw, 800px\" \/><\/a><\/span><\/div><div class=\"fusion-image-element \" style=\"--awb-margin-top:20px;--awb-caption-title-font-family:var(--h2_typography-font-family);--awb-caption-title-font-weight:var(--h2_typography-font-weight);--awb-caption-title-font-style:var(--h2_typography-font-style);--awb-caption-title-size:var(--h2_typography-font-size);--awb-caption-title-transform:var(--h2_typography-text-transform);--awb-caption-title-line-height:var(--h2_typography-line-height);--awb-caption-title-letter-spacing:var(--h2_typography-letter-spacing);\"><span class=\" fusion-imageframe imageframe-none imageframe-2 hover-type-none\"><a href=\"https:\/\/www.metaltex.com\/wp-content\/uploads\/2023\/05\/MM-in-Budapest_conference.jpg\" class=\"fusion-lightbox\" data-rel=\"iLightbox[8b5a5668346ee9bbc8d]\" data-caption=\"Metaltex Marketing Meeting Budapest 2023\" data-title=\"MM-in-Budapest_conference\" title=\"MM-in-Budapest_conference\"><img decoding=\"async\" width=\"2000\" height=\"1500\" alt=\"Metaltex Marketing Meeting Budapest 2023\" src=\"https:\/\/www.metaltex.com\/wp-content\/uploads\/2023\/05\/MM-in-Budapest_conference.jpg\" class=\"img-responsive wp-image-50268\" srcset=\"https:\/\/www.metaltex.com\/wp-content\/uploads\/2023\/05\/MM-in-Budapest_conference-200x150.jpg 200w, https:\/\/www.metaltex.com\/wp-content\/uploads\/2023\/05\/MM-in-Budapest_conference-400x300.jpg 400w, https:\/\/www.metaltex.com\/wp-content\/uploads\/2023\/05\/MM-in-Budapest_conference-600x450.jpg 600w, https:\/\/www.metaltex.com\/wp-content\/uploads\/2023\/05\/MM-in-Budapest_conference-800x600.jpg 800w, https:\/\/www.metaltex.com\/wp-content\/uploads\/2023\/05\/MM-in-Budapest_conference-1200x900.jpg 1200w, https:\/\/www.metaltex.com\/wp-content\/uploads\/2023\/05\/MM-in-Budapest_conference.jpg 2000w\" sizes=\"(max-width: 1024px) 100vw, (max-width: 640px) 100vw, 800px\" \/><\/a><\/span><\/div><div class=\"fusion-separator fusion-no-large-visibility fusion-full-width-sep\" style=\"align-self: center;margin-left: auto;margin-right: auto;margin-top:40px;width:100%;\"><\/div><\/div><\/div><div class=\"fusion-layout-column fusion_builder_column fusion-builder-column-1 fusion_builder_column_1_2 1_2 fusion-flex-column\" style=\"--awb-bg-size:cover;--awb-width-large:50%;--awb-margin-top-large:0px;--awb-spacing-right-large:3.84%;--awb-margin-bottom-large:0px;--awb-spacing-left-large:3.84%;--awb-width-medium:100%;--awb-order-medium:0;--awb-spacing-right-medium:1.92%;--awb-spacing-left-medium:1.92%;--awb-width-small:100%;--awb-order-small:0;--awb-spacing-right-small:1.92%;--awb-spacing-left-small:1.92%;\"><div class=\"fusion-column-wrapper fusion-column-has-shadow fusion-flex-justify-content-flex-start fusion-content-layout-column\"><div class=\"fusion-text fusion-text-1\" style=\"--awb-text-transform:none;\"><div>\n<p><b><span lang=\"EN-US\">Aspectos destacados de la reuni\u00f3n de marketing de Metaltex en Budapest<\/span><\/b><\/p>\n<\/div>\n<div>\n<p>Estamos encantados de compartir el \u00e9xito de la reuni\u00f3n de marketing de Metaltex en Budapest. Con 25 gerentes de ventas de nuestras sucursales europeas y 7 representantes de la sede central, el evento estuvo repleto con un programa de un d\u00eda completo con presentaciones y proyectos de nuestro talentoso equipo.<\/p>\n<p>Sergio Morandi, nuestro CEO, inici\u00f3 el d\u00eda con una c\u00e1lida bienvenida, incluida nuestra asistente por primera vez, Julie Strahl, directora general de nuestra subsidiaria belga. Tambi\u00e9n nos acompa\u00f1aron las invitadas especiales Cristina Fontana y Francesca Pirone, quienes brindan una invaluable asistencia en sus respectivas \u00e1reas de ventas en el exterior.<\/p>\n<p>Nuestros dedicados gerentes de marketing, Marco Morandi, Luca Bertolini, Anna Baldacci y Martina Califano, presentaron una impresionante gama de nuevos productos en las divisiones de cocina, almacenamiento, organizaci\u00f3n y cuidado de la ropa. Estos emocionantes lanzamientos pronto se exhibir\u00e1n en la pr\u00f3xima Feria Ambiente en Frankfurt.<\/p>\n<p>Profundizamos en temas intrigantes, incluido un <strong>informe perspicaz sobre Influencers en l\u00ednea en Italia<\/strong> or Maddalena Ajdukiewicz de la Oficina de Compras. Rodrigo Marcos, nuestro especialista en comunicaci\u00f3n, present\u00f3 nuestro esperado <strong>nuevo sitio web corporativo<\/strong>, que se lanzar\u00e1 el 5 de junio.<\/p>\n<p>Patrizia Aiello, nuestra gerente de seguridad de productos, abord\u00f3 el tema apremiante de los <strong>recubrimientos antiadherentes que contienen PFAS<\/strong>, reforzando nuestro compromiso con la seguridad y sustentabilidad de los productos.<\/p>\n<p>Nicolas Staedel y Vasso Van Sprang de nuestras filiales francesa y holandesa respectivamente compartieron su experiencia y hablaron sobre el <strong>impacto de los videos de productos en el punto de venta<\/strong> y el potencial de los <strong>programas de marketing de afiliados<\/strong>.<\/p>\n<\/div>\n<\/div><\/div><\/div><\/div><\/div><div class=\"fusion-fullwidth fullwidth-box fusion-builder-row-2 fusion-flex-container nonhundred-percent-fullwidth non-hundred-percent-height-scrolling\" style=\"--awb-border-radius-top-left:0px;--awb-border-radius-top-right:0px;--awb-border-radius-bottom-right:0px;--awb-border-radius-bottom-left:0px;--awb-padding-bottom:0px;--awb-flex-wrap:wrap;\" ><div class=\"fusion-builder-row fusion-row fusion-flex-align-items-flex-start fusion-flex-content-wrap\" style=\"max-width:1352px;margin-left: calc(-4% \/ 2 );margin-right: calc(-4% \/ 2 );\"><div class=\"fusion-layout-column fusion_builder_column fusion-builder-column-2 fusion_builder_column_1_2 1_2 fusion-flex-column fusion-flex-align-self-stretch\" style=\"--awb-padding-top:0px;--awb-padding-bottom:0%;--awb-bg-size:cover;--awb-width-large:50%;--awb-margin-top-large:0px;--awb-spacing-right-large:3.84%;--awb-margin-bottom-large:0px;--awb-spacing-left-large:3.84%;--awb-width-medium:100%;--awb-order-medium:0;--awb-spacing-right-medium:1.92%;--awb-spacing-left-medium:1.92%;--awb-width-small:100%;--awb-order-small:0;--awb-spacing-right-small:1.92%;--awb-spacing-left-small:1.92%;\" data-scroll-devices=\"small-visibility,medium-visibility,large-visibility\"><div class=\"fusion-column-wrapper fusion-column-has-shadow fusion-flex-justify-content-flex-start fusion-content-layout-column\"><div class=\"fusion-image-element \" style=\"--awb-margin-top:20px;--awb-caption-title-font-family:var(--h2_typography-font-family);--awb-caption-title-font-weight:var(--h2_typography-font-weight);--awb-caption-title-font-style:var(--h2_typography-font-style);--awb-caption-title-size:var(--h2_typography-font-size);--awb-caption-title-transform:var(--h2_typography-text-transform);--awb-caption-title-line-height:var(--h2_typography-line-height);--awb-caption-title-letter-spacing:var(--h2_typography-letter-spacing);\"><span class=\" fusion-imageframe imageframe-none imageframe-3 hover-type-none\"><a href=\"https:\/\/www.metaltex.com\/wp-content\/uploads\/2023\/05\/MM-in-Budapest_relators.jpg\" class=\"fusion-lightbox\" data-rel=\"iLightbox[58f591a8097535e108f]\" data-caption=\"Metaltex Marketing Meeting Budapest 2023\" data-title=\"MM-in-Budapest_relators\" title=\"MM-in-Budapest_relators\"><img decoding=\"async\" width=\"2000\" height=\"1500\" alt=\"Metaltex Marketing Meeting Budapest 2023\" src=\"https:\/\/www.metaltex.com\/wp-content\/uploads\/2023\/05\/MM-in-Budapest_relators.jpg\" class=\"img-responsive wp-image-50281\" srcset=\"https:\/\/www.metaltex.com\/wp-content\/uploads\/2023\/05\/MM-in-Budapest_relators-200x150.jpg 200w, https:\/\/www.metaltex.com\/wp-content\/uploads\/2023\/05\/MM-in-Budapest_relators-400x300.jpg 400w, https:\/\/www.metaltex.com\/wp-content\/uploads\/2023\/05\/MM-in-Budapest_relators-600x450.jpg 600w, https:\/\/www.metaltex.com\/wp-content\/uploads\/2023\/05\/MM-in-Budapest_relators-800x600.jpg 800w, https:\/\/www.metaltex.com\/wp-content\/uploads\/2023\/05\/MM-in-Budapest_relators-1200x900.jpg 1200w, https:\/\/www.metaltex.com\/wp-content\/uploads\/2023\/05\/MM-in-Budapest_relators.jpg 2000w\" sizes=\"(max-width: 1024px) 100vw, (max-width: 640px) 100vw, 800px\" \/><\/a><\/span><\/div><div class=\"fusion-image-element \" style=\"--awb-margin-top:20px;--awb-caption-title-font-family:var(--h2_typography-font-family);--awb-caption-title-font-weight:var(--h2_typography-font-weight);--awb-caption-title-font-style:var(--h2_typography-font-style);--awb-caption-title-size:var(--h2_typography-font-size);--awb-caption-title-transform:var(--h2_typography-text-transform);--awb-caption-title-line-height:var(--h2_typography-line-height);--awb-caption-title-letter-spacing:var(--h2_typography-letter-spacing);\"><span class=\" fusion-imageframe imageframe-none imageframe-4 hover-type-none\"><a href=\"https:\/\/www.metaltex.com\/wp-content\/uploads\/2023\/05\/MM-in-Budapest_dinner.jpg\" class=\"fusion-lightbox\" data-rel=\"iLightbox[5167ad3bd64c00aa83a]\" data-caption=\"Metaltex Marketing Meeting Budapest 2023\" data-title=\"MM-in-Budapest_dinner\" title=\"MM-in-Budapest_dinner\"><img decoding=\"async\" width=\"2000\" height=\"997\" alt=\"Metaltex Marketing Meeting Budapest 2023\" src=\"https:\/\/www.metaltex.com\/wp-content\/uploads\/2023\/05\/MM-in-Budapest_dinner.jpg\" class=\"img-responsive wp-image-50289\" srcset=\"https:\/\/www.metaltex.com\/wp-content\/uploads\/2023\/05\/MM-in-Budapest_dinner-200x100.jpg 200w, https:\/\/www.metaltex.com\/wp-content\/uploads\/2023\/05\/MM-in-Budapest_dinner-400x199.jpg 400w, https:\/\/www.metaltex.com\/wp-content\/uploads\/2023\/05\/MM-in-Budapest_dinner-600x299.jpg 600w, https:\/\/www.metaltex.com\/wp-content\/uploads\/2023\/05\/MM-in-Budapest_dinner-800x399.jpg 800w, https:\/\/www.metaltex.com\/wp-content\/uploads\/2023\/05\/MM-in-Budapest_dinner-1200x598.jpg 1200w, https:\/\/www.metaltex.com\/wp-content\/uploads\/2023\/05\/MM-in-Budapest_dinner.jpg 2000w\" sizes=\"(max-width: 1024px) 100vw, (max-width: 640px) 100vw, 800px\" \/><\/a><\/span><\/div><div class=\"fusion-image-element \" style=\"--awb-margin-top:20px;--awb-caption-title-font-family:var(--h2_typography-font-family);--awb-caption-title-font-weight:var(--h2_typography-font-weight);--awb-caption-title-font-style:var(--h2_typography-font-style);--awb-caption-title-size:var(--h2_typography-font-size);--awb-caption-title-transform:var(--h2_typography-text-transform);--awb-caption-title-line-height:var(--h2_typography-line-height);--awb-caption-title-letter-spacing:var(--h2_typography-letter-spacing);\"><span class=\" fusion-imageframe imageframe-none imageframe-5 hover-type-none\"><a href=\"https:\/\/www.metaltex.com\/wp-content\/uploads\/2023\/05\/MM-in-Budapest_city.jpg\" class=\"fusion-lightbox\" data-rel=\"iLightbox[29e8f6a4ebcaf025bb6]\" data-caption=\"Metaltex Marketing Meeting Budapest 2023\" data-title=\"MM-in-Budapest_city\" title=\"MM-in-Budapest_city\"><img decoding=\"async\" width=\"2000\" height=\"1500\" alt=\"Metaltex Marketing Meeting Budapest 2023\" src=\"https:\/\/www.metaltex.com\/wp-content\/uploads\/2023\/05\/MM-in-Budapest_city.jpg\" class=\"img-responsive wp-image-50295\" srcset=\"https:\/\/www.metaltex.com\/wp-content\/uploads\/2023\/05\/MM-in-Budapest_city-200x150.jpg 200w, https:\/\/www.metaltex.com\/wp-content\/uploads\/2023\/05\/MM-in-Budapest_city-400x300.jpg 400w, https:\/\/www.metaltex.com\/wp-content\/uploads\/2023\/05\/MM-in-Budapest_city-600x450.jpg 600w, https:\/\/www.metaltex.com\/wp-content\/uploads\/2023\/05\/MM-in-Budapest_city-800x600.jpg 800w, https:\/\/www.metaltex.com\/wp-content\/uploads\/2023\/05\/MM-in-Budapest_city-1200x900.jpg 1200w, https:\/\/www.metaltex.com\/wp-content\/uploads\/2023\/05\/MM-in-Budapest_city.jpg 2000w\" sizes=\"(max-width: 1024px) 100vw, (max-width: 640px) 100vw, 800px\" \/><\/a><\/span><\/div><\/div><\/div><div class=\"fusion-layout-column fusion_builder_column fusion-builder-column-3 fusion_builder_column_1_2 1_2 fusion-flex-column\" style=\"--awb-bg-size:cover;--awb-width-large:50%;--awb-margin-top-large:0px;--awb-spacing-right-large:3.84%;--awb-margin-bottom-large:0px;--awb-spacing-left-large:3.84%;--awb-width-medium:100%;--awb-order-medium:0;--awb-spacing-right-medium:1.92%;--awb-spacing-left-medium:1.92%;--awb-width-small:100%;--awb-order-small:0;--awb-spacing-right-small:1.92%;--awb-spacing-left-small:1.92%;\"><div class=\"fusion-column-wrapper fusion-column-has-shadow fusion-flex-justify-content-flex-start fusion-content-layout-column\"><div class=\"fusion-separator fusion-no-large-visibility fusion-full-width-sep\" style=\"align-self: center;margin-left: auto;margin-right: auto;margin-top:40px;width:100%;\"><\/div><div class=\"fusion-text fusion-text-2\" style=\"--awb-text-transform:none;\"><p>Extendemos nuestro m\u00e1s sincero agradecimiento a nuestra filial h\u00fangara, dirigida por Zoltan Baranyai, director general, y apoyada por Kristina Pesei, directora de ventas, y R\u00e9ka Baranyai, directora de marketing, por su excepcional organizaci\u00f3n del evento. Nuestros invitados disfrutaron de visitas guiadas por Budapest y deliciosas cenas en restaurantes, saboreando delicias h\u00fangaras como Goulash y Marharp\u00f6rk\u00f6lt.<\/p>\n<p>Estamos inmensamente agradecidos por los destacados esfuerzos de Metaltex Hungr\u00eda, y el \u00e9xito de la Reuni\u00f3n de Marketing reafirma nuestro compromiso con la <strong>innovaci\u00f3n<\/strong>, la <strong>colaboraci\u00f3n<\/strong> y la provisi\u00f3n de experiencias excepcionales para nuestros clientes.<\/p>\n<p>\u00a1Est\u00e9n atentos para m\u00e1s actualizaciones emocionantes a medida que damos forma al futuro de Metaltex!<\/p>\n<\/div><\/div><\/div><\/div><\/div><\/p>\n","protected":false},"excerpt":{"rendered":"<p>Estamos encantados de compartir el \u00e9xito de la reuni\u00f3n de marketing de Metaltex en Budapest. Con 25 gerentes de ventas de nuestras sucursales europeas y 7 representantes de la sede central, el evento estuvo repleto con un programa de un d\u00eda completo con presentaciones y proyectos de nuestro talentoso equipo. Sergio Morandi, nuestro CEO, inici\u00f3 el d\u00eda con una c\u00e1lida bienvenida&#8230;<\/p>\n","protected":false},"author":4,"featured_media":50262,"comment_status":"closed","ping_status":"closed","sticky":false,"template":"","format":"standard","meta":{"footnotes":""},"categories":[958,806,220],"tags":[515],"class_list":["post-57518","post","type-post","status-publish","format-standard","has-post-thumbnail","hentry","category-2023-es","category-hungary-es","category-posts-es","tag-marketing-meeting-es-2"],"_links":{"self":[{"href":"https:\/\/www.metaltex.com\/es\/wp-json\/wp\/v2\/posts\/57518","targetHints":{"allow":["GET"]}}],"collection":[{"href":"https:\/\/www.metaltex.com\/es\/wp-json\/wp\/v2\/posts"}],"about":[{"href":"https:\/\/www.metaltex.com\/es\/wp-json\/wp\/v2\/types\/post"}],"author":[{"embeddable":true,"href":"https:\/\/www.metaltex.com\/es\/wp-json\/wp\/v2\/users\/4"}],"replies":[{"embeddable":true,"href":"https:\/\/www.metaltex.com\/es\/wp-json\/wp\/v2\/comments?post=57518"}],"version-history":[{"count":0,"href":"https:\/\/www.metaltex.com\/es\/wp-json\/wp\/v2\/posts\/57518\/revisions"}],"wp:featuredmedia":[{"embeddable":true,"href":"https:\/\/www.metaltex.com\/es\/wp-json\/wp\/v2\/media\/50262"}],"wp:attachment":[{"href":"https:\/\/www.metaltex.com\/es\/wp-json\/wp\/v2\/media?parent=57518"}],"wp:term":[{"taxonomy":"category","embeddable":true,"href":"https:\/\/www.metaltex.com\/es\/wp-json\/wp\/v2\/categories?post=57518"},{"taxonomy":"post_tag","embeddable":true,"href":"https:\/\/www.metaltex.com\/es\/wp-json\/wp\/v2\/tags?post=57518"}],"curies":[{"name":"wp","href":"https:\/\/api.w.org\/{rel}","templated":true}]}}