{"id":30918,"date":"2019-11-07T13:47:13","date_gmt":"2019-11-07T12:47:13","guid":{"rendered":"https:\/\/www.metaltex.com\/?p=30918"},"modified":"2022-07-11T16:57:23","modified_gmt":"2022-07-11T14:57:23","slug":"ivo-kahanek-en-mexico","status":"publish","type":"post","link":"https:\/\/www.metaltex.com\/es\/ivo-kahanek-en-mexico\/","title":{"rendered":"Ivo Kah\u00e1nek trae el \u00abCoraz\u00f3n de Europa\u00bb a M\u00e9xico"},"content":{"rendered":"<div class=\"fusion-fullwidth fullwidth-box fusion-builder-row-1 fusion-flex-container nonhundred-percent-fullwidth non-hundred-percent-height-scrolling\" style=\"--awb-border-radius-top-left:0px;--awb-border-radius-top-right:0px;--awb-border-radius-bottom-right:0px;--awb-border-radius-bottom-left:0px;--awb-flex-wrap:wrap;\" ><div class=\"fusion-builder-row fusion-row fusion-flex-align-items-flex-start fusion-flex-content-wrap\" style=\"max-width:1352px;margin-left: calc(-4% \/ 2 );margin-right: calc(-4% \/ 2 );\"><div class=\"fusion-layout-column fusion_builder_column fusion-builder-column-0 fusion_builder_column_1_1 1_1 fusion-flex-column\" style=\"--awb-bg-size:cover;--awb-width-large:100%;--awb-margin-top-large:0px;--awb-spacing-right-large:1.92%;--awb-margin-bottom-large:0px;--awb-spacing-left-large:1.92%;--awb-width-medium:100%;--awb-order-medium:0;--awb-spacing-right-medium:1.92%;--awb-spacing-left-medium:1.92%;--awb-width-small:100%;--awb-order-small:0;--awb-spacing-right-small:1.92%;--awb-spacing-left-small:1.92%;\"><div class=\"fusion-column-wrapper fusion-column-has-shadow fusion-flex-justify-content-flex-start fusion-content-layout-column\"><\/div><\/div><div class=\"fusion-layout-column fusion_builder_column fusion-builder-column-1 fusion_builder_column_1_2 1_2 fusion-flex-column\" style=\"--awb-padding-top:0px;--awb-padding-bottom:5%;--awb-bg-size:cover;--awb-width-large:50%;--awb-margin-top-large:0px;--awb-spacing-right-large:3.84%;--awb-margin-bottom-large:35px;--awb-spacing-left-large:3.84%;--awb-width-medium:100%;--awb-order-medium:0;--awb-spacing-right-medium:1.92%;--awb-spacing-left-medium:1.92%;--awb-width-small:100%;--awb-order-small:0;--awb-spacing-right-small:1.92%;--awb-spacing-left-small:1.92%;\"><div class=\"fusion-column-wrapper fusion-column-has-shadow fusion-flex-justify-content-flex-start fusion-content-layout-column\"><div class=\"fusion-image-element \" style=\"--awb-margin-top:0px;--awb-caption-title-font-family:var(--h2_typography-font-family);--awb-caption-title-font-weight:var(--h2_typography-font-weight);--awb-caption-title-font-style:var(--h2_typography-font-style);--awb-caption-title-size:var(--h2_typography-font-size);--awb-caption-title-transform:var(--h2_typography-text-transform);--awb-caption-title-line-height:var(--h2_typography-line-height);--awb-caption-title-letter-spacing:var(--h2_typography-letter-spacing);\"><span class=\" fusion-imageframe imageframe-none imageframe-1 hover-type-none\"><a href=\"https:\/\/www.metaltex.com\/wp-content\/uploads\/2022\/06\/ok_Ivo-Kahanek-1.jpg\" class=\"fusion-lightbox\" data-rel=\"iLightbox[5837e8b0fc95d2d278d]\" data-caption=\"Ivo Kah\u00e1nek in Mexico\" data-title=\"ok_Ivo Kahanek 1\" title=\"ok_Ivo Kahanek 1\"><img decoding=\"async\" width=\"1000\" height=\"1000\" src=\"https:\/\/www.metaltex.com\/wp-content\/uploads\/2022\/06\/ok_Ivo-Kahanek-1.jpg\" alt class=\"img-responsive wp-image-30932\" srcset=\"https:\/\/www.metaltex.com\/wp-content\/uploads\/2022\/06\/ok_Ivo-Kahanek-1-200x200.jpg 200w, https:\/\/www.metaltex.com\/wp-content\/uploads\/2022\/06\/ok_Ivo-Kahanek-1-400x400.jpg 400w, https:\/\/www.metaltex.com\/wp-content\/uploads\/2022\/06\/ok_Ivo-Kahanek-1-600x600.jpg 600w, https:\/\/www.metaltex.com\/wp-content\/uploads\/2022\/06\/ok_Ivo-Kahanek-1-800x800.jpg 800w, https:\/\/www.metaltex.com\/wp-content\/uploads\/2022\/06\/ok_Ivo-Kahanek-1.jpg 1000w\" sizes=\"(max-width: 1024px) 100vw, (max-width: 640px) 100vw, 800px\" \/><\/a><\/span><\/div><div class=\"fusion-image-element \" style=\"--awb-margin-top:30px;--awb-caption-title-font-family:var(--h2_typography-font-family);--awb-caption-title-font-weight:var(--h2_typography-font-weight);--awb-caption-title-font-style:var(--h2_typography-font-style);--awb-caption-title-size:var(--h2_typography-font-size);--awb-caption-title-transform:var(--h2_typography-text-transform);--awb-caption-title-line-height:var(--h2_typography-line-height);--awb-caption-title-letter-spacing:var(--h2_typography-letter-spacing);\"><span class=\" fusion-imageframe imageframe-none imageframe-2 hover-type-none\"><img decoding=\"async\" width=\"3200\" height=\"1690\" title=\"ok_Ivo Kahanek 2\" src=\"https:\/\/www.metaltex.com\/wp-content\/uploads\/2022\/06\/ok_Ivo-Kahanek-2-scaled.jpg\" alt class=\"img-responsive wp-image-30938\" srcset=\"https:\/\/www.metaltex.com\/wp-content\/uploads\/2022\/06\/ok_Ivo-Kahanek-2-200x106.jpg 200w, https:\/\/www.metaltex.com\/wp-content\/uploads\/2022\/06\/ok_Ivo-Kahanek-2-400x211.jpg 400w, https:\/\/www.metaltex.com\/wp-content\/uploads\/2022\/06\/ok_Ivo-Kahanek-2-600x317.jpg 600w, https:\/\/www.metaltex.com\/wp-content\/uploads\/2022\/06\/ok_Ivo-Kahanek-2-800x422.jpg 800w, https:\/\/www.metaltex.com\/wp-content\/uploads\/2022\/06\/ok_Ivo-Kahanek-2-1200x634.jpg 1200w, https:\/\/www.metaltex.com\/wp-content\/uploads\/2022\/06\/ok_Ivo-Kahanek-2-scaled.jpg 3200w\" sizes=\"(max-width: 1024px) 100vw, (max-width: 640px) 100vw, 800px\" \/><\/span><\/div><\/div><\/div><div class=\"fusion-layout-column fusion_builder_column fusion-builder-column-2 fusion_builder_column_1_2 1_2 fusion-flex-column\" style=\"--awb-bg-size:cover;--awb-width-large:50%;--awb-margin-top-large:0px;--awb-spacing-right-large:3.84%;--awb-margin-bottom-large:0px;--awb-spacing-left-large:3.84%;--awb-width-medium:100%;--awb-order-medium:0;--awb-spacing-right-medium:1.92%;--awb-spacing-left-medium:1.92%;--awb-width-small:100%;--awb-order-small:0;--awb-spacing-right-small:1.92%;--awb-spacing-left-small:1.92%;\"><div class=\"fusion-column-wrapper fusion-column-has-shadow fusion-flex-justify-content-flex-start fusion-content-layout-column\"><div class=\"fusion-text fusion-text-1\" style=\"--awb-text-transform:none;\"><p>El recital titulado \u201c<strong>Desde el Coraz\u00f3n de Europa<\/strong>\u201d organizado por\u00a0<strong>CONARTE<\/strong>\u00a0(Consejo para la Cultura y las Artes de Nuevo Le\u00f3n) gracias al apoyo del patrocinador\u00a0<strong>METALTEX MEXICO<\/strong>\u00a0y la Embajada Checa trae al pianista\u00a0<strong>Ivo Kah\u00e1nek<\/strong>\u00a0(1979) por primera vez a M\u00e9xico.<\/p>\n<p>El pasado 22 de Octubre el gran pianista checo deleit\u00f3 con su gran talento al p\u00fablico de Monterrey (M\u00e9xico) en el Teatro del Centro de las Artes. Durante el recital se escucharon obras de los cl\u00e1sicos como Chopin y Beethoven, as\u00ed como de los grandes compositores checos, Jan\u00e1cek y Smetana.<\/p>\n<p>Kah\u00e1nek descrito por expertos como un m\u00fasico de tremendo poder emocional, expresividad y profundidad y considerado hoy el mejor pianista de la Rep\u00fablica Checa, estudi\u00f3 con Ivan Klansky, fue ganador en 2004 del Concurso Internacional de M\u00fasica del Verano de Praga. Despu\u00e9s de su exitoso debut, ha sido invitado para actuar con diferentes Orquestas Sinf\u00f3nicas entre las que destacan la\u00a0<strong>Orquesta Sinf\u00f3nica de la BBC<\/strong>\u00a0con la que particip\u00f3 en los\u00a0<strong>Proms<\/strong>\u00a0de Londres, la O<strong>rquesta Filarm\u00f3nica Checa<\/strong>\u00a0y la\u00a0<strong>Orquesta WDR<\/strong>\u00a0de Colonia. Ha grabado hasta ahora 14 discos para el principal sello discogr\u00e1fico de Chequia,\u00a0<strong>Suprahon<\/strong>\u00a0obteniendo cr\u00edticas extraordinarias de prestigiosas revistas musicales como\u00a0<strong>Diapson d\u2019Or<\/strong>,\u00a0<strong>MusicWeb Iternational<\/strong>, C<strong>hoix de Classique HD<\/strong>, entre muchas otras.<\/p>\n<\/div><div class=\"fusion-image-element \" style=\"--awb-margin-top:190px;--awb-caption-title-font-family:var(--h2_typography-font-family);--awb-caption-title-font-weight:var(--h2_typography-font-weight);--awb-caption-title-font-style:var(--h2_typography-font-style);--awb-caption-title-size:var(--h2_typography-font-size);--awb-caption-title-transform:var(--h2_typography-text-transform);--awb-caption-title-line-height:var(--h2_typography-line-height);--awb-caption-title-letter-spacing:var(--h2_typography-letter-spacing);\"><span class=\" fusion-imageframe imageframe-none imageframe-3 hover-type-none\"><img decoding=\"async\" width=\"1000\" height=\"417\" title=\"ok_Ivo Kahanek 3\" src=\"https:\/\/www.metaltex.com\/wp-content\/uploads\/2022\/06\/ok_Ivo-Kahanek-3.jpg\" alt class=\"img-responsive wp-image-30944\" srcset=\"https:\/\/www.metaltex.com\/wp-content\/uploads\/2022\/06\/ok_Ivo-Kahanek-3-200x83.jpg 200w, https:\/\/www.metaltex.com\/wp-content\/uploads\/2022\/06\/ok_Ivo-Kahanek-3-400x167.jpg 400w, https:\/\/www.metaltex.com\/wp-content\/uploads\/2022\/06\/ok_Ivo-Kahanek-3-600x250.jpg 600w, https:\/\/www.metaltex.com\/wp-content\/uploads\/2022\/06\/ok_Ivo-Kahanek-3-800x334.jpg 800w, https:\/\/www.metaltex.com\/wp-content\/uploads\/2022\/06\/ok_Ivo-Kahanek-3.jpg 1000w\" sizes=\"(max-width: 1024px) 100vw, (max-width: 640px) 100vw, 800px\" \/><\/span><\/div><\/div><\/div><\/div><\/div>\n","protected":false},"excerpt":{"rendered":"<p>El recital titulado \u201cDesde el Coraz\u00f3n de Europa\u201d organizado por CONARTE (Consejo para la Cultura y las Artes de Nuevo Le\u00f3n) gracias al apoyo del patrocinador METALTEX MEXICO y la Embajada Checa trae al pianista Ivo Kah\u00e1nek (1979) por primera vez a M\u00e9xico.<br \/>\nEl pasado 22 de Octubre el gran pianista checo deleit\u00f3 con su gran talento&#8230;<\/p>\n","protected":false},"author":4,"featured_media":30955,"comment_status":"closed","ping_status":"closed","sticky":false,"template":"","format":"standard","meta":{"footnotes":""},"categories":[330,691,220],"tags":[457,546,547],"class_list":["post-30918","post","type-post","status-publish","format-standard","has-post-thumbnail","hentry","category-2019-es","category-mexico-es","category-posts-es","tag-metaltex-mexico-es","tag-mexico-es","tag-monterrey-es"],"_links":{"self":[{"href":"https:\/\/www.metaltex.com\/es\/wp-json\/wp\/v2\/posts\/30918","targetHints":{"allow":["GET"]}}],"collection":[{"href":"https:\/\/www.metaltex.com\/es\/wp-json\/wp\/v2\/posts"}],"about":[{"href":"https:\/\/www.metaltex.com\/es\/wp-json\/wp\/v2\/types\/post"}],"author":[{"embeddable":true,"href":"https:\/\/www.metaltex.com\/es\/wp-json\/wp\/v2\/users\/4"}],"replies":[{"embeddable":true,"href":"https:\/\/www.metaltex.com\/es\/wp-json\/wp\/v2\/comments?post=30918"}],"version-history":[{"count":0,"href":"https:\/\/www.metaltex.com\/es\/wp-json\/wp\/v2\/posts\/30918\/revisions"}],"wp:featuredmedia":[{"embeddable":true,"href":"https:\/\/www.metaltex.com\/es\/wp-json\/wp\/v2\/media\/30955"}],"wp:attachment":[{"href":"https:\/\/www.metaltex.com\/es\/wp-json\/wp\/v2\/media?parent=30918"}],"wp:term":[{"taxonomy":"category","embeddable":true,"href":"https:\/\/www.metaltex.com\/es\/wp-json\/wp\/v2\/categories?post=30918"},{"taxonomy":"post_tag","embeddable":true,"href":"https:\/\/www.metaltex.com\/es\/wp-json\/wp\/v2\/tags?post=30918"}],"curies":[{"name":"wp","href":"https:\/\/api.w.org\/{rel}","templated":true}]}}