{"id":29033,"date":"2020-02-28T10:55:47","date_gmt":"2020-02-28T09:55:47","guid":{"rendered":"https:\/\/www.metaltex.com\/?p=29033"},"modified":"2022-08-25T14:16:14","modified_gmt":"2022-08-25T12:16:14","slug":"ambiente-2020","status":"publish","type":"post","link":"https:\/\/www.metaltex.com\/es\/ambiente-2020\/","title":{"rendered":"Ambiente 2020"},"content":{"rendered":"<div class=\"fusion-fullwidth fullwidth-box fusion-builder-row-1 fusion-flex-container nonhundred-percent-fullwidth non-hundred-percent-height-scrolling\" style=\"--awb-border-radius-top-left:0px;--awb-border-radius-top-right:0px;--awb-border-radius-bottom-right:0px;--awb-border-radius-bottom-left:0px;--awb-flex-wrap:wrap;\" ><div class=\"fusion-builder-row fusion-row fusion-flex-align-items-flex-start fusion-flex-content-wrap\" style=\"max-width:1352px;margin-left: calc(-4% \/ 2 );margin-right: calc(-4% \/ 2 );\"><div class=\"fusion-layout-column fusion_builder_column fusion-builder-column-0 fusion_builder_column_1_1 1_1 fusion-flex-column\" style=\"--awb-bg-size:cover;--awb-width-large:100%;--awb-margin-top-large:0px;--awb-spacing-right-large:1.92%;--awb-margin-bottom-large:0px;--awb-spacing-left-large:1.92%;--awb-width-medium:100%;--awb-order-medium:0;--awb-spacing-right-medium:1.92%;--awb-spacing-left-medium:1.92%;--awb-width-small:100%;--awb-order-small:0;--awb-spacing-right-small:1.92%;--awb-spacing-left-small:1.92%;\"><div class=\"fusion-column-wrapper fusion-column-has-shadow fusion-flex-justify-content-flex-start fusion-content-layout-column\"><\/div><\/div><div class=\"fusion-layout-column fusion_builder_column fusion-builder-column-1 fusion_builder_column_1_2 1_2 fusion-flex-column\" style=\"--awb-padding-top:0px;--awb-padding-bottom:5%;--awb-bg-size:cover;--awb-width-large:50%;--awb-margin-top-large:0px;--awb-spacing-right-large:3.84%;--awb-margin-bottom-large:35px;--awb-spacing-left-large:3.84%;--awb-width-medium:100%;--awb-order-medium:0;--awb-spacing-right-medium:1.92%;--awb-spacing-left-medium:1.92%;--awb-width-small:100%;--awb-order-small:0;--awb-spacing-right-small:1.92%;--awb-spacing-left-small:1.92%;\"><div class=\"fusion-column-wrapper fusion-column-has-shadow fusion-flex-justify-content-flex-start fusion-content-layout-column\"><div class=\"fusion-image-element \" style=\"--awb-margin-top:0px;--awb-caption-title-font-family:var(--h2_typography-font-family);--awb-caption-title-font-weight:var(--h2_typography-font-weight);--awb-caption-title-font-style:var(--h2_typography-font-style);--awb-caption-title-size:var(--h2_typography-font-size);--awb-caption-title-transform:var(--h2_typography-text-transform);--awb-caption-title-line-height:var(--h2_typography-line-height);--awb-caption-title-letter-spacing:var(--h2_typography-letter-spacing);\"><span class=\" fusion-imageframe imageframe-none imageframe-1 hover-type-none\"><a href=\"https:\/\/www.metaltex.com\/wp-content\/uploads\/2022\/05\/ok_Ambiente-2020.png\" class=\"fusion-lightbox\" data-rel=\"iLightbox[7ecdf52dc2b8005d812]\" data-caption=\"Ambiente, Frankfurt\" data-title=\"ok_Ambiente 2020\" title=\"ok_Ambiente 2020\"><img decoding=\"async\" width=\"958\" height=\"958\" src=\"https:\/\/www.metaltex.com\/wp-content\/uploads\/2022\/05\/ok_Ambiente-2020.png\" alt class=\"img-responsive wp-image-29045\" srcset=\"https:\/\/www.metaltex.com\/wp-content\/uploads\/2022\/05\/ok_Ambiente-2020-200x200.png 200w, https:\/\/www.metaltex.com\/wp-content\/uploads\/2022\/05\/ok_Ambiente-2020-400x400.png 400w, https:\/\/www.metaltex.com\/wp-content\/uploads\/2022\/05\/ok_Ambiente-2020-600x600.png 600w, https:\/\/www.metaltex.com\/wp-content\/uploads\/2022\/05\/ok_Ambiente-2020-800x800.png 800w, https:\/\/www.metaltex.com\/wp-content\/uploads\/2022\/05\/ok_Ambiente-2020.png 958w\" sizes=\"(max-width: 1024px) 100vw, (max-width: 640px) 100vw, 800px\" \/><\/a><\/span><\/div><\/div><\/div><div class=\"fusion-layout-column fusion_builder_column fusion-builder-column-2 fusion_builder_column_1_2 1_2 fusion-flex-column\" style=\"--awb-bg-size:cover;--awb-width-large:50%;--awb-margin-top-large:0px;--awb-spacing-right-large:3.84%;--awb-margin-bottom-large:0px;--awb-spacing-left-large:3.84%;--awb-width-medium:100%;--awb-order-medium:0;--awb-spacing-right-medium:1.92%;--awb-spacing-left-medium:1.92%;--awb-width-small:100%;--awb-order-small:0;--awb-spacing-right-small:1.92%;--awb-spacing-left-small:1.92%;\"><div class=\"fusion-column-wrapper fusion-column-has-shadow fusion-flex-justify-content-flex-start fusion-content-layout-column\"><div class=\"fusion-text fusion-text-1\" style=\"--awb-text-transform:none;\"><div>\n<p>\u201cAmbiente es la feria internacional l\u00edder y la n\u00famero uno del mundo en productos asociados con comidas, cocina, art\u00edculos para el hogar, muebles y adornos, dise\u00f1o de interiores, regalos, joyas y accesorios de moda. Es \u201cEl Show\u201d para toda la industria.\u201d<\/p>\n<\/div>\n<div>\n<p>Con estas palabras, los organizadores del evento han concluido la \u00faltima publicaci\u00f3n de prensa sobre la edici\u00f3n: Ambiente 2020.<\/p>\n<\/div>\n<div>\n<p>Aunque la participaci\u00f3n de visitantes para esta edici\u00f3n disminuy\u00f3 en un 20% en comparaci\u00f3n con el a\u00f1o anterior en 2019, en gran parte por el temor al contagio del coronavirus, es cierto que la feria registr\u00f3 un total de 108.000 visitas de 158 pa\u00edses.<\/p>\n<\/div>\n<div>\n<p><span lang=\"FR\">El stand de Metaltex no fue la excepci\u00f3n. En parte, el Grupo perdi\u00f3 la visita de algunos clientes, pero registramos un aumento en los compradores de ciertos pa\u00edses y m\u00e1s inter\u00e9s en los productos Metaltex que en la edici\u00f3n anterior. <\/span>En general, los comentarios finales de nuestro Grupo Internacional fueron positivos.<\/p>\n<\/div>\n<div>\n<p>Durante la feria, Metaltex tambi\u00e9n celebr\u00f3 su 75 aniversario. Los organizadores de Ambiente trajeron al stand de Metaltex un gran pastel para disfrutar con clientes y colegas.<\/p>\n<\/div>\n<div>\n<p>La cl\u00e1sica fiesta del s\u00e1bado, celebrada dentro del stand, tambi\u00e9n fue vibrante y alegre. Clientes, amigos y colegas de todo el mundo disfrutaron de la celebraci\u00f3n con un delicioso buffet italiano y m\u00fasica en vivo.<\/p>\n<\/div>\n<div>\n<p>Para aquellos clientes, compradores y personas interesadas en los \u00faltimos productos de Metaltex, el Grupo prepar\u00f3 para ellos 3 videos, especialmente hechos para no perderse las \u00faltimas noticias y productos que Metaltex lanzar\u00e1 en 2020. Esperamos que los disfruten.<\/p>\n<\/div>\n<\/div><\/div><\/div><\/div><\/div>\n","protected":false},"excerpt":{"rendered":"<p>\u201cAmbiente es la feria internacional l\u00edder y la n\u00famero uno del mundo en productos asociados con comidas, cocina, art\u00edculos para el hogar, muebles y adornos, dise\u00f1o de interiores, regalos, joyas y accesorios de moda. Es \u201cEl Show\u201d para toda la industria.\u201d Con estas palabras, los organizadores del evento han concluido la \u00faltima publicaci\u00f3n de prensa sobre la edici\u00f3n&#8230;<\/p>\n","protected":false},"author":4,"featured_media":29045,"comment_status":"closed","ping_status":"closed","sticky":false,"template":"","format":"standard","meta":{"footnotes":""},"categories":[334,685,220],"tags":[431,500,179],"class_list":["post-29033","post","type-post","status-publish","format-standard","has-post-thumbnail","hentry","category-2020-es","category-germany-es","category-posts-es","tag-ambiente-es","tag-international-fair-es","tag-metaltex-germany-es"],"_links":{"self":[{"href":"https:\/\/www.metaltex.com\/es\/wp-json\/wp\/v2\/posts\/29033","targetHints":{"allow":["GET"]}}],"collection":[{"href":"https:\/\/www.metaltex.com\/es\/wp-json\/wp\/v2\/posts"}],"about":[{"href":"https:\/\/www.metaltex.com\/es\/wp-json\/wp\/v2\/types\/post"}],"author":[{"embeddable":true,"href":"https:\/\/www.metaltex.com\/es\/wp-json\/wp\/v2\/users\/4"}],"replies":[{"embeddable":true,"href":"https:\/\/www.metaltex.com\/es\/wp-json\/wp\/v2\/comments?post=29033"}],"version-history":[{"count":0,"href":"https:\/\/www.metaltex.com\/es\/wp-json\/wp\/v2\/posts\/29033\/revisions"}],"wp:featuredmedia":[{"embeddable":true,"href":"https:\/\/www.metaltex.com\/es\/wp-json\/wp\/v2\/media\/29045"}],"wp:attachment":[{"href":"https:\/\/www.metaltex.com\/es\/wp-json\/wp\/v2\/media?parent=29033"}],"wp:term":[{"taxonomy":"category","embeddable":true,"href":"https:\/\/www.metaltex.com\/es\/wp-json\/wp\/v2\/categories?post=29033"},{"taxonomy":"post_tag","embeddable":true,"href":"https:\/\/www.metaltex.com\/es\/wp-json\/wp\/v2\/tags?post=29033"}],"curies":[{"name":"wp","href":"https:\/\/api.w.org\/{rel}","templated":true}]}}