{"id":63291,"date":"2024-11-04T14:01:57","date_gmt":"2024-11-04T13:01:57","guid":{"rendered":"https:\/\/www.metaltex.com\/dana-on-valencian-branch\/"},"modified":"2024-11-05T08:53:21","modified_gmt":"2024-11-05T07:53:21","slug":"dana-on-valencian-branch","status":"publish","type":"post","link":"https:\/\/www.metaltex.com\/de\/dana-on-valencian-branch\/","title":{"rendered":"Mitteilung \u00fcber die Auswirkungen des DANA in unserem valencianischen Standort"},"content":{"rendered":"<p><div class=\"fusion-fullwidth fullwidth-box fusion-builder-row-1 fusion-flex-container has-pattern-background has-mask-background nonhundred-percent-fullwidth non-hundred-percent-height-scrolling fusion-no-small-visibility fusion-no-medium-visibility\" style=\"--awb-border-radius-top-left:0px;--awb-border-radius-top-right:0px;--awb-border-radius-bottom-right:0px;--awb-border-radius-bottom-left:0px;--awb-padding-bottom:0px;--awb-flex-wrap:wrap;\" ><div class=\"fusion-builder-row fusion-row fusion-flex-align-items-flex-start fusion-flex-content-wrap\" style=\"max-width:1352px;margin-left: calc(-4% \/ 2 );margin-right: calc(-4% \/ 2 );\"><div class=\"fusion-layout-column fusion_builder_column fusion-builder-column-0 fusion_builder_column_1_2 1_2 fusion-flex-column fusion-flex-align-self-stretch\" style=\"--awb-padding-bottom:0%;--awb-bg-size:cover;--awb-width-large:50%;--awb-margin-top-large:0px;--awb-spacing-right-large:3.84%;--awb-margin-bottom-large:0px;--awb-spacing-left-large:3.84%;--awb-width-medium:100%;--awb-order-medium:0;--awb-spacing-right-medium:1.92%;--awb-spacing-left-medium:1.92%;--awb-width-small:100%;--awb-order-small:0;--awb-spacing-right-small:1.92%;--awb-spacing-left-small:1.92%;\" data-scroll-devices=\"small-visibility,medium-visibility,large-visibility\"><div class=\"fusion-column-wrapper fusion-column-has-shadow fusion-flex-justify-content-flex-start fusion-content-layout-column\"><div class=\"fusion-image-element \" style=\"--awb-margin-top:0px;--awb-caption-title-font-family:var(--h2_typography-font-family);--awb-caption-title-font-weight:var(--h2_typography-font-weight);--awb-caption-title-font-style:var(--h2_typography-font-style);--awb-caption-title-size:var(--h2_typography-font-size);--awb-caption-title-transform:var(--h2_typography-text-transform);--awb-caption-title-line-height:var(--h2_typography-line-height);--awb-caption-title-letter-spacing:var(--h2_typography-letter-spacing);\"><span class=\" fusion-imageframe imageframe-none imageframe-1 hover-type-none\"><a href=\"https:\/\/www.metaltex.com\/wp-content\/uploads\/Metaltex_Iberia_Warehouse-Flood.jpg\" class=\"fusion-lightbox\" data-rel=\"iLightbox[15da6728f1e86d46cd3]\" data-title=\"Metaltex_Iberia_Warehouse-Flood\" title=\"Metaltex_Iberia_Warehouse-Flood\"><img decoding=\"async\" width=\"1200\" height=\"900\" src=\"https:\/\/www.metaltex.com\/wp-content\/uploads\/Metaltex_Iberia_Warehouse-Flood.jpg\" alt class=\"img-responsive wp-image-63271\" srcset=\"https:\/\/www.metaltex.com\/wp-content\/uploads\/Metaltex_Iberia_Warehouse-Flood-200x150.jpg 200w, https:\/\/www.metaltex.com\/wp-content\/uploads\/Metaltex_Iberia_Warehouse-Flood-400x300.jpg 400w, https:\/\/www.metaltex.com\/wp-content\/uploads\/Metaltex_Iberia_Warehouse-Flood-600x450.jpg 600w, https:\/\/www.metaltex.com\/wp-content\/uploads\/Metaltex_Iberia_Warehouse-Flood-800x600.jpg 800w, https:\/\/www.metaltex.com\/wp-content\/uploads\/Metaltex_Iberia_Warehouse-Flood.jpg 1200w\" sizes=\"(max-width: 1024px) 100vw, (max-width: 640px) 100vw, 800px\" \/><\/a><\/span><\/div><div class=\"fusion-image-element \" style=\"--awb-margin-top:20px;--awb-caption-title-font-family:var(--h2_typography-font-family);--awb-caption-title-font-weight:var(--h2_typography-font-weight);--awb-caption-title-font-style:var(--h2_typography-font-style);--awb-caption-title-size:var(--h2_typography-font-size);--awb-caption-title-transform:var(--h2_typography-text-transform);--awb-caption-title-line-height:var(--h2_typography-line-height);--awb-caption-title-letter-spacing:var(--h2_typography-letter-spacing);\"><span class=\" fusion-imageframe imageframe-none imageframe-2 hover-type-none\"><a href=\"https:\/\/www.metaltex.com\/wp-content\/uploads\/Metaltex_Iberia_colleagues.jpg\" class=\"fusion-lightbox\" data-rel=\"iLightbox[f16f97afb489121d02c]\" data-title=\"Metaltex_Iberia_colleagues\" title=\"Metaltex_Iberia_colleagues\"><img decoding=\"async\" width=\"1200\" height=\"900\" src=\"https:\/\/www.metaltex.com\/wp-content\/uploads\/Metaltex_Iberia_colleagues.jpg\" alt class=\"img-responsive wp-image-63265\" srcset=\"https:\/\/www.metaltex.com\/wp-content\/uploads\/Metaltex_Iberia_colleagues-200x150.jpg 200w, https:\/\/www.metaltex.com\/wp-content\/uploads\/Metaltex_Iberia_colleagues-400x300.jpg 400w, https:\/\/www.metaltex.com\/wp-content\/uploads\/Metaltex_Iberia_colleagues-600x450.jpg 600w, https:\/\/www.metaltex.com\/wp-content\/uploads\/Metaltex_Iberia_colleagues-800x600.jpg 800w, https:\/\/www.metaltex.com\/wp-content\/uploads\/Metaltex_Iberia_colleagues.jpg 1200w\" sizes=\"(max-width: 1024px) 100vw, (max-width: 640px) 100vw, 800px\" \/><\/a><\/span><\/div><div class=\"fusion-separator fusion-no-large-visibility fusion-full-width-sep\" style=\"align-self: center;margin-left: auto;margin-right: auto;margin-top:40px;width:100%;\"><\/div><\/div><\/div><div class=\"fusion-layout-column fusion_builder_column fusion-builder-column-1 fusion_builder_column_1_2 1_2 fusion-flex-column\" style=\"--awb-bg-size:cover;--awb-width-large:50%;--awb-margin-top-large:0px;--awb-spacing-right-large:3.84%;--awb-margin-bottom-large:0px;--awb-spacing-left-large:3.84%;--awb-width-medium:100%;--awb-order-medium:0;--awb-spacing-right-medium:1.92%;--awb-spacing-left-medium:1.92%;--awb-width-small:100%;--awb-order-small:0;--awb-spacing-right-small:1.92%;--awb-spacing-left-small:1.92%;\"><div class=\"fusion-column-wrapper fusion-column-has-shadow fusion-flex-justify-content-flex-start fusion-content-layout-column\"><div class=\"fusion-text fusion-text-1\" style=\"--awb-text-transform:none;\"><p>Am Dienstag, den 29. Oktober 2024, wurde die Gemeinschaft Valencia von dem meteorologischen Ph\u00e4nomen DANA getroffen, das zu intensiven Regenf\u00e4llen und \u00dcberschwemmungen in \u00fcber 60 Gemeinden f\u00fchrte und eine Bev\u00f6lkerung von 850.000 Personen betraf. Tragischerweise gab es mehr als 200 Todesf\u00e4lle und Hunderte von Vermissten.<\/p>\n<p>Unsere Niederlassung in Spanien, <strong>Metaltex Iberia<\/strong>, in Riba-Roja de T\u00faria, einem der betroffenen Gemeinden, leidet ebenfalls unter den Folgen des \u00dcberlaufs des Rambla del Poyo und des Barranco del Pozalet, die um etwa 18:30 Uhr mit mindestens einem Meter und drei\u00dfig Zentimetern Wasser \u00fcberflutet wurden. Gl\u00fccklicherweise gab es unter unseren Kollegen keine Personensch\u00e4den, obwohl die Sachsch\u00e4den erheblich waren.<\/p>\n<p>An diesem Wochenende haben sechzig Personen, darunter unsere spanischen Kollegen und Freiwillige, sich zu einer Solidarit\u00e4tsaktion zusammengeschlossen, um mit der Reinigung unserer Einrichtungen zu beginnen. Gemeinsam sind wir entschlossen, diese Herausforderung zu meistern und so schnell wie m\u00f6glich zur Wiederherstellung unseres Standorts beizutragen.<\/p>\n<p><strong>Metaltex bedankt sich f\u00fcr Ihr gro\u00dfes Engagement und Ihre unsch\u00e4tzbare Unterst\u00fctzung in diesen schwierigen Zeite.<\/strong><\/p>\n<\/div><\/div><\/div><\/div><\/div><div class=\"fusion-fullwidth fullwidth-box fusion-builder-row-2 fusion-flex-container has-pattern-background has-mask-background nonhundred-percent-fullwidth non-hundred-percent-height-scrolling fusion-no-large-visibility\" style=\"--awb-border-radius-top-left:0px;--awb-border-radius-top-right:0px;--awb-border-radius-bottom-right:0px;--awb-border-radius-bottom-left:0px;--awb-padding-bottom:0px;--awb-flex-wrap:wrap;\" ><div class=\"fusion-builder-row fusion-row fusion-flex-align-items-flex-start fusion-flex-content-wrap\" style=\"max-width:1352px;margin-left: calc(-4% \/ 2 );margin-right: calc(-4% \/ 2 );\"><div class=\"fusion-layout-column fusion_builder_column fusion-builder-column-2 fusion_builder_column_1_2 1_2 fusion-flex-column fusion-flex-align-self-stretch\" style=\"--awb-padding-bottom:0%;--awb-bg-size:cover;--awb-width-large:50%;--awb-margin-top-large:0px;--awb-spacing-right-large:3.84%;--awb-margin-bottom-large:0px;--awb-spacing-left-large:3.84%;--awb-width-medium:100%;--awb-order-medium:0;--awb-spacing-right-medium:1.92%;--awb-spacing-left-medium:1.92%;--awb-width-small:100%;--awb-order-small:0;--awb-spacing-right-small:1.92%;--awb-spacing-left-small:1.92%;\" data-scroll-devices=\"small-visibility,medium-visibility,large-visibility\"><div class=\"fusion-column-wrapper fusion-column-has-shadow fusion-flex-justify-content-flex-start fusion-content-layout-column\"><div class=\"fusion-image-element \" style=\"--awb-margin-top:0px;--awb-caption-title-font-family:var(--h2_typography-font-family);--awb-caption-title-font-weight:var(--h2_typography-font-weight);--awb-caption-title-font-style:var(--h2_typography-font-style);--awb-caption-title-size:var(--h2_typography-font-size);--awb-caption-title-transform:var(--h2_typography-text-transform);--awb-caption-title-line-height:var(--h2_typography-line-height);--awb-caption-title-letter-spacing:var(--h2_typography-letter-spacing);\"><span class=\" fusion-imageframe imageframe-none imageframe-3 hover-type-none\"><a href=\"https:\/\/www.metaltex.com\/wp-content\/uploads\/Metaltex_Iberia_Warehouse-Flood.jpg\" class=\"fusion-lightbox\" data-rel=\"iLightbox[15da6728f1e86d46cd3]\" data-title=\"Metaltex_Iberia_Warehouse-Flood\" title=\"Metaltex_Iberia_Warehouse-Flood\"><img decoding=\"async\" width=\"1200\" height=\"900\" src=\"https:\/\/www.metaltex.com\/wp-content\/uploads\/Metaltex_Iberia_Warehouse-Flood.jpg\" alt class=\"img-responsive wp-image-63271\" srcset=\"https:\/\/www.metaltex.com\/wp-content\/uploads\/Metaltex_Iberia_Warehouse-Flood-200x150.jpg 200w, https:\/\/www.metaltex.com\/wp-content\/uploads\/Metaltex_Iberia_Warehouse-Flood-400x300.jpg 400w, https:\/\/www.metaltex.com\/wp-content\/uploads\/Metaltex_Iberia_Warehouse-Flood-600x450.jpg 600w, https:\/\/www.metaltex.com\/wp-content\/uploads\/Metaltex_Iberia_Warehouse-Flood-800x600.jpg 800w, https:\/\/www.metaltex.com\/wp-content\/uploads\/Metaltex_Iberia_Warehouse-Flood.jpg 1200w\" sizes=\"(max-width: 1024px) 100vw, (max-width: 640px) 100vw, 800px\" \/><\/a><\/span><\/div><div class=\"fusion-image-element \" style=\"--awb-margin-top:0px;--awb-caption-title-font-family:var(--h2_typography-font-family);--awb-caption-title-font-weight:var(--h2_typography-font-weight);--awb-caption-title-font-style:var(--h2_typography-font-style);--awb-caption-title-size:var(--h2_typography-font-size);--awb-caption-title-transform:var(--h2_typography-text-transform);--awb-caption-title-line-height:var(--h2_typography-line-height);--awb-caption-title-letter-spacing:var(--h2_typography-letter-spacing);\"><span class=\" fusion-imageframe imageframe-none imageframe-4 hover-type-none\"><a href=\"https:\/\/www.metaltex.com\/wp-content\/uploads\/Metaltex_Iberia_colleagues.jpg\" class=\"fusion-lightbox\" data-rel=\"iLightbox[f16f97afb489121d02c]\" data-title=\"Metaltex_Iberia_colleagues\" title=\"Metaltex_Iberia_colleagues\"><img decoding=\"async\" width=\"1200\" height=\"900\" src=\"https:\/\/www.metaltex.com\/wp-content\/uploads\/Metaltex_Iberia_colleagues.jpg\" alt class=\"img-responsive wp-image-63265\" srcset=\"https:\/\/www.metaltex.com\/wp-content\/uploads\/Metaltex_Iberia_colleagues-200x150.jpg 200w, https:\/\/www.metaltex.com\/wp-content\/uploads\/Metaltex_Iberia_colleagues-400x300.jpg 400w, https:\/\/www.metaltex.com\/wp-content\/uploads\/Metaltex_Iberia_colleagues-600x450.jpg 600w, https:\/\/www.metaltex.com\/wp-content\/uploads\/Metaltex_Iberia_colleagues-800x600.jpg 800w, https:\/\/www.metaltex.com\/wp-content\/uploads\/Metaltex_Iberia_colleagues.jpg 1200w\" sizes=\"(max-width: 1024px) 100vw, (max-width: 640px) 100vw, 800px\" \/><\/a><\/span><\/div><div class=\"fusion-separator fusion-no-large-visibility fusion-full-width-sep\" style=\"align-self: center;margin-left: auto;margin-right: auto;margin-top:40px;width:100%;\"><\/div><\/div><\/div><div class=\"fusion-layout-column fusion_builder_column fusion-builder-column-3 fusion_builder_column_1_2 1_2 fusion-flex-column\" style=\"--awb-bg-size:cover;--awb-width-large:50%;--awb-margin-top-large:0px;--awb-spacing-right-large:3.84%;--awb-margin-bottom-large:0px;--awb-spacing-left-large:3.84%;--awb-width-medium:100%;--awb-order-medium:0;--awb-spacing-right-medium:1.92%;--awb-spacing-left-medium:1.92%;--awb-width-small:100%;--awb-order-small:0;--awb-spacing-right-small:1.92%;--awb-spacing-left-small:1.92%;\"><div class=\"fusion-column-wrapper fusion-column-has-shadow fusion-flex-justify-content-flex-start fusion-content-layout-column\"><div class=\"fusion-text fusion-text-2\" style=\"--awb-text-transform:none;\"><p>Am Dienstag, den 29. Oktober 2024, wurde die Gemeinschaft Valencia von dem meteorologischen Ph\u00e4nomen DANA getroffen, das zu intensiven Regenf\u00e4llen und \u00dcberschwemmungen in \u00fcber 60 Gemeinden f\u00fchrte und eine Bev\u00f6lkerung von 850.000 Personen betraf. Tragischerweise gab es mehr als 200 Todesf\u00e4lle und Hunderte von Vermissten.<\/p>\n<p>Unsere Niederlassung in Spanien, <strong>Metaltex Iberia<\/strong>, in Riba-Roja de T\u00faria, einem der betroffenen Gemeinden, leidet ebenfalls unter den Folgen des \u00dcberlaufs des Rambla del Poyo und des Barranco del Pozalet, die um etwa 18:30 Uhr mit mindestens einem Meter und drei\u00dfig Zentimetern Wasser \u00fcberflutet wurden. Gl\u00fccklicherweise gab es unter unseren Kollegen keine Personensch\u00e4den, obwohl die Sachsch\u00e4den erheblich waren.<\/p>\n<p>An diesem Wochenende haben sechzig Personen, darunter unsere spanischen Kollegen und Freiwillige, sich zu einer Solidarit\u00e4tsaktion zusammengeschlossen, um mit der Reinigung unserer Einrichtungen zu beginnen. Gemeinsam sind wir entschlossen, diese Herausforderung zu meistern und so schnell wie m\u00f6glich zur Wiederherstellung unseres Standorts beizutragen.<\/p>\n<p><strong>Metaltex bedankt sich f\u00fcr Ihr gro\u00dfes Engagement und Ihre unsch\u00e4tzbare Unterst\u00fctzung in diesen schwierigen Zeite.<\/strong><\/p>\n<\/div><\/div><\/div><\/div><\/div><\/p>\n","protected":false},"excerpt":{"rendered":"<p>Am Dienstag, den 29. Oktober 2024, wurde die Gemeinschaft Valencia von dem meteorologischen Ph\u00e4nomen DANA getroffen, das zu intensiven Regenf\u00e4llen und&#8230;<\/p>\n","protected":false},"author":4,"featured_media":63277,"comment_status":"closed","ping_status":"closed","sticky":false,"template":"","format":"standard","meta":{"footnotes":""},"categories":[3668,223,713],"tags":[450,2676,830,452,831],"class_list":["post-63291","post","type-post","status-publish","format-standard","has-post-thumbnail","hentry","category-2024-de","category-posts-de","category-spain-de","tag-damages-de","tag-flood-de-2","tag-metaltex-iberia-de-2","tag-storm-de","tag-valencia-de"],"_links":{"self":[{"href":"https:\/\/www.metaltex.com\/de\/wp-json\/wp\/v2\/posts\/63291","targetHints":{"allow":["GET"]}}],"collection":[{"href":"https:\/\/www.metaltex.com\/de\/wp-json\/wp\/v2\/posts"}],"about":[{"href":"https:\/\/www.metaltex.com\/de\/wp-json\/wp\/v2\/types\/post"}],"author":[{"embeddable":true,"href":"https:\/\/www.metaltex.com\/de\/wp-json\/wp\/v2\/users\/4"}],"replies":[{"embeddable":true,"href":"https:\/\/www.metaltex.com\/de\/wp-json\/wp\/v2\/comments?post=63291"}],"version-history":[{"count":6,"href":"https:\/\/www.metaltex.com\/de\/wp-json\/wp\/v2\/posts\/63291\/revisions"}],"predecessor-version":[{"id":63294,"href":"https:\/\/www.metaltex.com\/de\/wp-json\/wp\/v2\/posts\/63291\/revisions\/63294"}],"wp:featuredmedia":[{"embeddable":true,"href":"https:\/\/www.metaltex.com\/de\/wp-json\/wp\/v2\/media\/63277"}],"wp:attachment":[{"href":"https:\/\/www.metaltex.com\/de\/wp-json\/wp\/v2\/media?parent=63291"}],"wp:term":[{"taxonomy":"category","embeddable":true,"href":"https:\/\/www.metaltex.com\/de\/wp-json\/wp\/v2\/categories?post=63291"},{"taxonomy":"post_tag","embeddable":true,"href":"https:\/\/www.metaltex.com\/de\/wp-json\/wp\/v2\/tags?post=63291"}],"curies":[{"name":"wp","href":"https:\/\/api.w.org\/{rel}","templated":true}]}}