{"id":33050,"date":"2014-10-22T16:26:26","date_gmt":"2014-10-22T14:26:26","guid":{"rendered":"https:\/\/www.metaltex.com\/?p=33050"},"modified":"2023-07-04T15:16:08","modified_gmt":"2023-07-04T13:16:08","slug":"pizzichini-academy-arts-drawing","status":"publish","type":"post","link":"https:\/\/www.metaltex.com\/de\/pizzichini-academy-arts-drawing\/","title":{"rendered":"Carlo Pizzichini \u2013 Ein neues Mitglied an der \u201eAcademy of Arts of Drawing\u201c"},"content":{"rendered":"<div class=\"fusion-fullwidth fullwidth-box fusion-builder-row-1 fusion-flex-container nonhundred-percent-fullwidth non-hundred-percent-height-scrolling\" style=\"--awb-border-radius-top-left:0px;--awb-border-radius-top-right:0px;--awb-border-radius-bottom-right:0px;--awb-border-radius-bottom-left:0px;--awb-flex-wrap:wrap;\" ><div class=\"fusion-builder-row fusion-row fusion-flex-align-items-flex-start fusion-flex-content-wrap\" style=\"max-width:1352px;margin-left: calc(-4% \/ 2 );margin-right: calc(-4% \/ 2 );\"><div class=\"fusion-layout-column fusion_builder_column fusion-builder-column-0 fusion_builder_column_1_2 1_2 fusion-flex-column\" style=\"--awb-padding-top:0px;--awb-padding-bottom:5%;--awb-bg-size:cover;--awb-width-large:50%;--awb-margin-top-large:0px;--awb-spacing-right-large:3.84%;--awb-margin-bottom-large:35px;--awb-spacing-left-large:3.84%;--awb-width-medium:100%;--awb-order-medium:0;--awb-spacing-right-medium:1.92%;--awb-spacing-left-medium:1.92%;--awb-width-small:100%;--awb-order-small:0;--awb-spacing-right-small:1.92%;--awb-spacing-left-small:1.92%;\"><div class=\"fusion-column-wrapper fusion-column-has-shadow fusion-flex-justify-content-flex-start fusion-content-layout-column\"><div class=\"fusion-image-element \" style=\"--awb-caption-title-font-family:var(--h2_typography-font-family);--awb-caption-title-font-weight:var(--h2_typography-font-weight);--awb-caption-title-font-style:var(--h2_typography-font-style);--awb-caption-title-size:var(--h2_typography-font-size);--awb-caption-title-transform:var(--h2_typography-text-transform);--awb-caption-title-line-height:var(--h2_typography-line-height);--awb-caption-title-letter-spacing:var(--h2_typography-letter-spacing);\"><span class=\" fusion-imageframe imageframe-none imageframe-1 hover-type-none\"><a href=\"https:\/\/www.metaltex.com\/wp-content\/uploads\/2022\/08\/OK_Pizzichini.jpg\" class=\"fusion-lightbox\" data-rel=\"iLightbox[2310f0c4bf08d321b22]\" data-caption=\"Carlo Pizzichini \u2013 new member of the Academy of the Arts of Drawing\" data-title=\"OK_Pizzichini\" title=\"OK_Pizzichini\"><img decoding=\"async\" width=\"734\" height=\"734\" src=\"https:\/\/www.metaltex.com\/wp-content\/uploads\/2022\/08\/OK_Pizzichini.jpg\" alt class=\"img-responsive wp-image-33071\" srcset=\"https:\/\/www.metaltex.com\/wp-content\/uploads\/2022\/08\/OK_Pizzichini-200x200.jpg 200w, https:\/\/www.metaltex.com\/wp-content\/uploads\/2022\/08\/OK_Pizzichini-400x400.jpg 400w, https:\/\/www.metaltex.com\/wp-content\/uploads\/2022\/08\/OK_Pizzichini-600x600.jpg 600w, https:\/\/www.metaltex.com\/wp-content\/uploads\/2022\/08\/OK_Pizzichini.jpg 734w\" sizes=\"(max-width: 1024px) 100vw, (max-width: 640px) 100vw, 734px\" \/><\/a><\/span><\/div><div class=\"fusion-image-element \" style=\"--awb-margin-top:20px;--awb-caption-title-font-family:var(--h2_typography-font-family);--awb-caption-title-font-weight:var(--h2_typography-font-weight);--awb-caption-title-font-style:var(--h2_typography-font-style);--awb-caption-title-size:var(--h2_typography-font-size);--awb-caption-title-transform:var(--h2_typography-text-transform);--awb-caption-title-line-height:var(--h2_typography-line-height);--awb-caption-title-letter-spacing:var(--h2_typography-letter-spacing);\"><span class=\" fusion-imageframe imageframe-none imageframe-2 hover-type-none\"><img decoding=\"async\" width=\"1000\" height=\"500\" title=\"OK_Accademia\" src=\"https:\/\/www.metaltex.com\/wp-content\/uploads\/2022\/08\/OK_Accademia.jpg\" alt class=\"img-responsive wp-image-33064\" srcset=\"https:\/\/www.metaltex.com\/wp-content\/uploads\/2022\/08\/OK_Accademia-200x100.jpg 200w, https:\/\/www.metaltex.com\/wp-content\/uploads\/2022\/08\/OK_Accademia-400x200.jpg 400w, https:\/\/www.metaltex.com\/wp-content\/uploads\/2022\/08\/OK_Accademia-600x300.jpg 600w, https:\/\/www.metaltex.com\/wp-content\/uploads\/2022\/08\/OK_Accademia-800x400.jpg 800w, https:\/\/www.metaltex.com\/wp-content\/uploads\/2022\/08\/OK_Accademia.jpg 1000w\" sizes=\"(max-width: 1024px) 100vw, (max-width: 640px) 100vw, 800px\" \/><\/span><\/div><\/div><\/div><div class=\"fusion-layout-column fusion_builder_column fusion-builder-column-1 fusion_builder_column_1_2 1_2 fusion-flex-column\" style=\"--awb-bg-size:cover;--awb-width-large:50%;--awb-margin-top-large:0px;--awb-spacing-right-large:3.84%;--awb-margin-bottom-large:0px;--awb-spacing-left-large:3.84%;--awb-width-medium:100%;--awb-order-medium:0;--awb-spacing-right-medium:1.92%;--awb-spacing-left-medium:1.92%;--awb-width-small:100%;--awb-order-small:0;--awb-spacing-right-small:1.92%;--awb-spacing-left-small:1.92%;\"><div class=\"fusion-column-wrapper fusion-column-has-shadow fusion-flex-justify-content-flex-start fusion-content-layout-column\"><div class=\"fusion-text fusion-text-1\" style=\"--awb-text-transform:none;\"><p>Professor Carlo Pizzichini wurde in Anerkennung seiner Arbeit an die renomierte \u201eAcademy of Arts and Drawing\u201c in Florenz berufen.<\/p>\n<p>Die Ernennung fand am 18.Oktober 2014 in Verbindung mit der Er\u00f6ffnung des akademischen Jahres an der renommierten und \u00e4ltesten Kunstakademie der Welt im Palazzo dell\u2018Arte Beccai statt. Im Laufe seiner Geschichte hat die Akademie mehr als 6500 Mitglieder. Darunter klangvolle Namen wie Cellini, Michelangelo, Tintorello, Tizian und Palladio.<\/p>\n<p>Mit Carlo Pizzichini hat Metaltex seit vielen Jahren eine enge Freundschaft und unterst\u00fctzt Ihn auf zahlreichen Ausstellungen, weltweit. Ob Prospekth\u00fcllen oder Kataloge, Ausstellungen zu unseren Jubil\u00e4en, oder die Erstellung unserer Gartenanlage bei unserer Zentrale in der Schweiz. \u00dcberall findet sich die Handschrift von Pizzichini.<\/p>\n<p>Wir w\u00fcnschen Dir, lieber Carlo alles Gute und senden Dir die besten Gr\u00fc\u00dfe.<\/p>\n<\/div><\/div><\/div><\/div><\/div>\n","protected":false},"excerpt":{"rendered":"<p>Professor Carlo Pizzichini wurde in Anerkennung seiner Arbeit an die renomierte \u201cAcademy of Arts and Drawing\u201c in Florenz berufen. Die Ernennung fand am 18.Oktober 2014 in Verbindung mit der Er\u00f6ffnung des akademischen Jahres an der renommierten und \u00e4ltesten&#8230;<\/p>\n","protected":false},"author":4,"featured_media":33071,"comment_status":"closed","ping_status":"closed","sticky":false,"template":"","format":"standard","meta":{"footnotes":""},"categories":[301,665,223],"tags":[819],"class_list":["post-33050","post","type-post","status-publish","format-standard","has-post-thumbnail","hentry","category-2014-de","category-italy-de","category-posts-de","tag-carlo-pizzichini-de"],"_links":{"self":[{"href":"https:\/\/www.metaltex.com\/de\/wp-json\/wp\/v2\/posts\/33050","targetHints":{"allow":["GET"]}}],"collection":[{"href":"https:\/\/www.metaltex.com\/de\/wp-json\/wp\/v2\/posts"}],"about":[{"href":"https:\/\/www.metaltex.com\/de\/wp-json\/wp\/v2\/types\/post"}],"author":[{"embeddable":true,"href":"https:\/\/www.metaltex.com\/de\/wp-json\/wp\/v2\/users\/4"}],"replies":[{"embeddable":true,"href":"https:\/\/www.metaltex.com\/de\/wp-json\/wp\/v2\/comments?post=33050"}],"version-history":[{"count":0,"href":"https:\/\/www.metaltex.com\/de\/wp-json\/wp\/v2\/posts\/33050\/revisions"}],"wp:featuredmedia":[{"embeddable":true,"href":"https:\/\/www.metaltex.com\/de\/wp-json\/wp\/v2\/media\/33071"}],"wp:attachment":[{"href":"https:\/\/www.metaltex.com\/de\/wp-json\/wp\/v2\/media?parent=33050"}],"wp:term":[{"taxonomy":"category","embeddable":true,"href":"https:\/\/www.metaltex.com\/de\/wp-json\/wp\/v2\/categories?post=33050"},{"taxonomy":"post_tag","embeddable":true,"href":"https:\/\/www.metaltex.com\/de\/wp-json\/wp\/v2\/tags?post=33050"}],"curies":[{"name":"wp","href":"https:\/\/api.w.org\/{rel}","templated":true}]}}